{"id":847,"date":"2021-03-29T12:00:59","date_gmt":"2021-03-29T10:00:59","guid":{"rendered":"https:\/\/www.nkspansko.hr\/?p=847"},"modified":"2021-03-29T12:01:54","modified_gmt":"2021-03-29T10:01:54","slug":"juniorima-nk-spansko-cetvrta-pobjeda-u-nizu","status":"publish","type":"post","link":"https:\/\/www.nkspansko.hr\/index.php\/2021\/03\/29\/juniorima-nk-spansko-cetvrta-pobjeda-u-nizu\/","title":{"rendered":"Juniorima NK \u0160pansko \u010detvrta pobjeda u nizu"},"content":{"rendered":"<p>Ju\u010der 28.03.2021. u susjedskom derbiju, Juniori NK \u0160pansko pobijedili su NK Kusto\u0161ija rezultatom 3:1.<\/p>\n<p>Pogotke za \u00a0za NK \u0160pansko postigli su: Luka Letnar Glavini\u0107, Mateo Grdi\u0107 i Frank Gaviria Garizado<\/p>\n<p>Trener Juniora Vedran Peri\u0107 odli\u010dnim trudom i radom podigao je formu Juniora.<\/p>\n<p><a href=\"https:\/\/www.nkspansko.hr\/wp-content\/uploads\/2021\/03\/Tablica.jpg\"><img loading=\"lazy\" decoding=\"async\" class=\"aligncenter size-full wp-image-848\" src=\"https:\/\/www.nkspansko.hr\/wp-content\/uploads\/2021\/03\/Tablica.jpg\" alt=\"\" width=\"2433\" height=\"1550\" srcset=\"https:\/\/www.nkspansko.hr\/wp-content\/uploads\/2021\/03\/Tablica.jpg 2433w, https:\/\/www.nkspansko.hr\/wp-content\/uploads\/2021\/03\/Tablica-600x382.jpg 600w, https:\/\/www.nkspansko.hr\/wp-content\/uploads\/2021\/03\/Tablica-300x191.jpg 300w, https:\/\/www.nkspansko.hr\/wp-content\/uploads\/2021\/03\/Tablica-1024x652.jpg 1024w, https:\/\/www.nkspansko.hr\/wp-content\/uploads\/2021\/03\/Tablica-768x489.jpg 768w, https:\/\/www.nkspansko.hr\/wp-content\/uploads\/2021\/03\/Tablica-1536x979.jpg 1536w, https:\/\/www.nkspansko.hr\/wp-content\/uploads\/2021\/03\/Tablica-2048x1305.jpg 2048w, https:\/\/www.nkspansko.hr\/wp-content\/uploads\/2021\/03\/Tablica-1200x764.jpg 1200w, https:\/\/www.nkspansko.hr\/wp-content\/uploads\/2021\/03\/Tablica-350x223.jpg 350w\" sizes=\"auto, (max-width: 2433px) 100vw, 2433px\" \/><\/a><\/p>\n","protected":false},"excerpt":{"rendered":"<p>Ju\u010der 28.03.2021. u susjedskom derbiju, Juniori NK \u0160pansko pobijedili su NK Kusto\u0161ija rezultatom 3:1. Pogotke za \u00a0za NK \u0160pansko postigli su: Luka Letnar Glavini\u0107, Mateo Grdi\u0107 i Frank Gaviria Garizado Trener Juniora Vedran Peri\u0107 odli\u010dnim trudom i radom podigao je formu Juniora.<\/p>\n<a href=\"https:\/\/www.nkspansko.hr\/index.php\/2021\/03\/29\/juniorima-nk-spansko-cetvrta-pobjeda-u-nizu\/\" class=\"more-link\">Op\u0161irnije<\/a>","protected":false},"author":1,"featured_media":849,"comment_status":"open","ping_status":"open","sticky":false,"template":"","format":"standard","meta":{"footnotes":""},"categories":[2],"tags":[],"class_list":["post-847","post","type-post","status-publish","format-standard","has-post-thumbnail","hentry","category-klupske-vijesti"],"_links":{"self":[{"href":"https:\/\/www.nkspansko.hr\/index.php\/wp-json\/wp\/v2\/posts\/847","targetHints":{"allow":["GET"]}}],"collection":[{"href":"https:\/\/www.nkspansko.hr\/index.php\/wp-json\/wp\/v2\/posts"}],"about":[{"href":"https:\/\/www.nkspansko.hr\/index.php\/wp-json\/wp\/v2\/types\/post"}],"author":[{"embeddable":true,"href":"https:\/\/www.nkspansko.hr\/index.php\/wp-json\/wp\/v2\/users\/1"}],"replies":[{"embeddable":true,"href":"https:\/\/www.nkspansko.hr\/index.php\/wp-json\/wp\/v2\/comments?post=847"}],"version-history":[{"count":2,"href":"https:\/\/www.nkspansko.hr\/index.php\/wp-json\/wp\/v2\/posts\/847\/revisions"}],"predecessor-version":[{"id":851,"href":"https:\/\/www.nkspansko.hr\/index.php\/wp-json\/wp\/v2\/posts\/847\/revisions\/851"}],"wp:featuredmedia":[{"embeddable":true,"href":"https:\/\/www.nkspansko.hr\/index.php\/wp-json\/wp\/v2\/media\/849"}],"wp:attachment":[{"href":"https:\/\/www.nkspansko.hr\/index.php\/wp-json\/wp\/v2\/media?parent=847"}],"wp:term":[{"taxonomy":"category","embeddable":true,"href":"https:\/\/www.nkspansko.hr\/index.php\/wp-json\/wp\/v2\/categories?post=847"},{"taxonomy":"post_tag","embeddable":true,"href":"https:\/\/www.nkspansko.hr\/index.php\/wp-json\/wp\/v2\/tags?post=847"}],"curies":[{"name":"wp","href":"https:\/\/api.w.org\/{rel}","templated":true}]}}