{"id":638,"date":"2021-03-22T08:34:12","date_gmt":"2021-03-22T07:34:12","guid":{"rendered":"https:\/\/www.nkspansko.hr\/?p=638"},"modified":"2021-03-27T17:46:18","modified_gmt":"2021-03-27T16:46:18","slug":"promjene-na-klupama-treceligasa","status":"publish","type":"post","link":"https:\/\/www.nkspansko.hr\/index.php\/2021\/03\/22\/promjene-na-klupama-treceligasa\/","title":{"rendered":"Promjene na klupama tre\u0107eliga\u0161a"},"content":{"rendered":"<p style=\"text-align: justify;\">Mladost iz Petrinje promijenila je trenera. Na klupu je sjeo donedavni trener Hrvatskog dragovoljca Boris Perkovi\u0107. Perkovi\u0107 je u prvom dijelu sezone uspje\u0161no vodio mom\u010dad iz Sigeta, te ih ostavio na vode\u0107oj poziciji 2.HNL prije nego \u0161to smijenjen radi dovo\u0111enja Jerke Leke za kormilo Crnih. Ve\u0107 u srijedu 24.03. u Petrinji imati \u0107e debi u derbiju za\u010delja, u zaostaloj utakmici 11. kola, gdje Mladost do\u010dekuje Karlovac 1919.<\/p>\n<p><script async src=\"\/\/pagead2.googlesyndication.com\/pagead\/js\/adsbygoogle.js\"><\/script><br \/>\n<!-- reklama --><br \/>\n<ins class=\"adsbygoogle\" style=\"display: inline-block; width: 600px; height: 100px;\" data-ad-client=\"ca-pub-8197018153939859\" data-ad-slot=\"1432213527\"><\/ins><br \/>\n<script>\n(adsbygoogle = window.adsbygoogle || []).push({});\n<\/script><\/p>\n<p style=\"text-align: justify;\">Jo\u0161 jedna promjena na trenerskoj poziciji dogodila se u Vrbovcu. Nakon novog poraza Vrbovca protiv petrinjske Mladosti (1-3), Renato Jur\u010dec podnio je neopozivu ostavku na mjesto trenera. Na u\u017earenu klupu Vrbov\u010dana sjeda Dra\u017een Bi\u0161kup. Bi\u0161kup je poznato ime u trenerskim kuloarima 2. i 3.HNL, a ve\u0107 danas bi trebao odraditi prvi trening sa svojom novom mom\u010dadi. Vrbovec se nalazi na posljednjem mjestu 3.HNL Sredi\u0161ta, sa samo 5 bodova, iz 18 utakmica. Pred novim trenerom je gotovo nemogu\u0107 zadatak spa\u0161avanja tre\u0107eliga\u0161kog statusa.<\/p>\n<p>Izvor: Sportinfo<\/p>\n","protected":false},"excerpt":{"rendered":"<p>Mladost iz Petrinje promijenila je trenera. Na klupu je sjeo donedavni trener Hrvatskog dragovoljca Boris Perkovi\u0107. Perkovi\u0107 je u prvom dijelu sezone uspje\u0161no vodio mom\u010dad iz Sigeta, te ih ostavio na vode\u0107oj poziciji 2.HNL prije nego \u0161to smijenjen radi dovo\u0111enja Jerke Leke za kormilo Crnih. Ve\u0107 u srijedu 24.03. u Petrinji imati \u0107e debi u&#8230;<\/p>\n<a href=\"https:\/\/www.nkspansko.hr\/index.php\/2021\/03\/22\/promjene-na-klupama-treceligasa\/\" class=\"more-link\">Op\u0161irnije<\/a>","protected":false},"author":1,"featured_media":639,"comment_status":"open","ping_status":"open","sticky":false,"template":"","format":"standard","meta":{"footnotes":""},"categories":[3],"tags":[],"class_list":["post-638","post","type-post","status-publish","format-standard","has-post-thumbnail","hentry","category-vijesti-iz-lige"],"_links":{"self":[{"href":"https:\/\/www.nkspansko.hr\/index.php\/wp-json\/wp\/v2\/posts\/638","targetHints":{"allow":["GET"]}}],"collection":[{"href":"https:\/\/www.nkspansko.hr\/index.php\/wp-json\/wp\/v2\/posts"}],"about":[{"href":"https:\/\/www.nkspansko.hr\/index.php\/wp-json\/wp\/v2\/types\/post"}],"author":[{"embeddable":true,"href":"https:\/\/www.nkspansko.hr\/index.php\/wp-json\/wp\/v2\/users\/1"}],"replies":[{"embeddable":true,"href":"https:\/\/www.nkspansko.hr\/index.php\/wp-json\/wp\/v2\/comments?post=638"}],"version-history":[{"count":3,"href":"https:\/\/www.nkspansko.hr\/index.php\/wp-json\/wp\/v2\/posts\/638\/revisions"}],"predecessor-version":[{"id":835,"href":"https:\/\/www.nkspansko.hr\/index.php\/wp-json\/wp\/v2\/posts\/638\/revisions\/835"}],"wp:featuredmedia":[{"embeddable":true,"href":"https:\/\/www.nkspansko.hr\/index.php\/wp-json\/wp\/v2\/media\/639"}],"wp:attachment":[{"href":"https:\/\/www.nkspansko.hr\/index.php\/wp-json\/wp\/v2\/media?parent=638"}],"wp:term":[{"taxonomy":"category","embeddable":true,"href":"https:\/\/www.nkspansko.hr\/index.php\/wp-json\/wp\/v2\/categories?post=638"},{"taxonomy":"post_tag","embeddable":true,"href":"https:\/\/www.nkspansko.hr\/index.php\/wp-json\/wp\/v2\/tags?post=638"}],"curies":[{"name":"wp","href":"https:\/\/api.w.org\/{rel}","templated":true}]}}