{"id":4434,"date":"2024-11-16T16:35:41","date_gmt":"2024-11-16T15:35:41","guid":{"rendered":"https:\/\/www.nkspansko.hr\/?p=4434"},"modified":"2024-11-16T16:45:26","modified_gmt":"2024-11-16T15:45:26","slug":"spansko-ostaje-na-prvom-mjestu-sjajna-atmosfera-i-bakljada-za-vukovar","status":"publish","type":"post","link":"https:\/\/www.nkspansko.hr\/index.php\/2024\/11\/16\/spansko-ostaje-na-prvom-mjestu-sjajna-atmosfera-i-bakljada-za-vukovar\/","title":{"rendered":"\u0160pansko ostaje na prvom mjestu: Sjajna atmosfera i bakljada za Vukovar"},"content":{"rendered":"<p><strong>\u0160pansko<\/strong> i <strong>Polet<\/strong> odigrali su 0:0 u derbiju 13. kola 4. NL Sredi\u0161te Zagreb \u2013 Podskupina A.<\/p>\n<p>U vrlo tvrdoj utakmici \u0160pansko je dominiralo, ali nije stvorilo previ\u0161e \u0161ansi. Mo\u017eda tek jednu ili dvije ozbiljnije prilike. Gosti su se dobro branili cijelu utakmicu, \u010dvrstom obranom pokazali su za\u0161to su visoko plasirani na ljestvici.<\/p>\n<h2><strong>\u0160pansko ostaje na prvom mjestu<\/strong><\/h2>\n<p>Crveni su se trudili i poku\u0161avali, imali su jalov posjed, a gosti su stali u niski blok i \u010dekali kontru, koju nisu do\u010dekali.<\/p>\n<div style=\"width: 848px;\" class=\"wp-video\"><video class=\"wp-video-shortcode\" id=\"video-4434-1\" width=\"848\" height=\"478\" preload=\"metadata\" controls=\"controls\"><source type=\"video\/mp4\" src=\"https:\/\/www.nkspansko.hr\/wp-content\/uploads\/2024\/11\/VID-20241116-WA0022.mp4?_=1\" \/><a href=\"https:\/\/www.nkspansko.hr\/wp-content\/uploads\/2024\/11\/VID-20241116-WA0022.mp4\">https:\/\/www.nkspansko.hr\/wp-content\/uploads\/2024\/11\/VID-20241116-WA0022.mp4<\/a><\/video><\/div>\n<p>\u0160pansko je u zavr\u0161nici napravilo malo ve\u0107i pritisak, stisnulo je suparnika, no nije previ\u0161e riskiralo, iako je Polet imao jednu ozbiljnu situaciju u zadnjim minutama, kada je odli\u010dno reagirao vratar \u0160panskog Ga\u0161pari\u0107.<\/p>\n<p>Sve u svemu, remi se \u010dini najrealnijim ishodom. Maksima Crvenih u ovoj utakmici bila je: kada ne mo\u017ee\u0161 pobijediti, ne treba\u0161 ni izgubiti. Najva\u017enije je da je \u0160pansko s osvojenim bodom ostalo na prvom mjestu.<\/p>\n<h2><strong>Spektakularna bakljada za Vukovar i \u0160kabrnju te nedavno preminulog Bo\u017eu Grgi\u0107a<\/strong><\/h2>\n<p>Crveni sada imaju 28 bodova, a Polet je drugi s bodom manje. Pre\u010dko, Klanjec i Mladost imaju po 25 bodova, a Tondach 22.<\/p>\n<div style=\"width: 848px;\" class=\"wp-video\"><video class=\"wp-video-shortcode\" id=\"video-4434-2\" width=\"848\" height=\"480\" preload=\"metadata\" controls=\"controls\"><source type=\"video\/mp4\" src=\"https:\/\/www.nkspansko.hr\/wp-content\/uploads\/2024\/11\/VID-20241116-WA0020.mp4?_=2\" \/><a href=\"https:\/\/www.nkspansko.hr\/wp-content\/uploads\/2024\/11\/VID-20241116-WA0020.mp4\">https:\/\/www.nkspansko.hr\/wp-content\/uploads\/2024\/11\/VID-20241116-WA0020.mp4<\/a><\/video><\/div>\n<p>Derbi je odigran u odli\u010dnoj atmosferi pred nekih tristotinjak gledatelja. Utakmici je prethodilo sve\u010dano obilje\u017eavanje <strong>Dana sje\u0107anja na \u017ertve Vukovara i \u0160kabrnje<\/strong> te nedavno preminulog <strong>Bo\u017eu Grgi\u0107a<\/strong>, dragovoljca Domovinskog rata, skup\u0161tinara i velikog prijatelja NK \u0160pansko.<\/p>\n<p>Igra\u010di obje mom\u010dadi iznijeli su transparent posve\u0107en gradu heroju, a u simboli\u010dnoj 18. minuti navija\u010di \u0160panskog priredili su pirotehni\u010dki spektakl; zapaljeno je 50 baklji i 30 dimnih bombi, te se na taj na\u010din dali svoj obol predstoje\u0107em dr\u017eavnom prazniku.<\/p>\n\n\t\t<style type=\"text\/css\">\n\t\t\t#gallery-1 {\n\t\t\t\tmargin: auto;\n\t\t\t}\n\t\t\t#gallery-1 .gallery-item {\n\t\t\t\tfloat: left;\n\t\t\t\tmargin-top: 10px;\n\t\t\t\ttext-align: center;\n\t\t\t\twidth: 33%;\n\t\t\t}\n\t\t\t#gallery-1 img {\n\t\t\t\tborder: 2px solid #cfcfcf;\n\t\t\t}\n\t\t\t#gallery-1 .gallery-caption {\n\t\t\t\tmargin-left: 0;\n\t\t\t}\n\t\t\t\/* see gallery_shortcode() in wp-includes\/media.php *\/\n\t\t<\/style>\n\t\t<div data-carousel-extra='{\"blog_id\":1,\"permalink\":\"https:\\\/\\\/www.nkspansko.hr\\\/index.php\\\/2024\\\/11\\\/16\\\/spansko-ostaje-na-prvom-mjestu-sjajna-atmosfera-i-bakljada-za-vukovar\\\/\"}' id='gallery-1' class='gallery galleryid-4434 gallery-columns-3 gallery-size-thumbnail'><dl class='gallery-item'>\n\t\t\t<dt class='gallery-icon landscape'>\n\t\t\t\t<a href='https:\/\/www.nkspansko.hr\/index.php\/2024\/11\/16\/spektakularna-bakljada-u-spanskom-za-zrtve-vukovara-i-bozu-grgica\/img-20241116-wa0004\/'><img loading=\"lazy\" decoding=\"async\" data-attachment-id=\"4430\" data-orig-file=\"https:\/\/www.nkspansko.hr\/wp-content\/uploads\/2024\/11\/IMG-20241116-WA0004.jpg\" data-orig-size=\"2000,934\" data-comments-opened=\"1\" data-image-meta=\"{&quot;aperture&quot;:&quot;0&quot;,&quot;credit&quot;:&quot;&quot;,&quot;camera&quot;:&quot;&quot;,&quot;caption&quot;:&quot;&quot;,&quot;created_timestamp&quot;:&quot;0&quot;,&quot;copyright&quot;:&quot;&quot;,&quot;focal_length&quot;:&quot;0&quot;,&quot;iso&quot;:&quot;0&quot;,&quot;shutter_speed&quot;:&quot;0&quot;,&quot;title&quot;:&quot;&quot;,&quot;orientation&quot;:&quot;0&quot;}\" data-image-title=\"IMG-20241116-WA0004\" data-image-description=\"\" data-medium-file=\"https:\/\/www.nkspansko.hr\/wp-content\/uploads\/2024\/11\/IMG-20241116-WA0004-300x140.jpg\" data-large-file=\"https:\/\/www.nkspansko.hr\/wp-content\/uploads\/2024\/11\/IMG-20241116-WA0004-1024x478.jpg\" title=\"IMG-20241116-WA0004\" width=\"150\" height=\"150\" src=\"https:\/\/www.nkspansko.hr\/wp-content\/uploads\/2024\/11\/IMG-20241116-WA0004-150x150.jpg\" class=\"attachment-thumbnail size-thumbnail\" alt=\"\" srcset=\"https:\/\/www.nkspansko.hr\/wp-content\/uploads\/2024\/11\/IMG-20241116-WA0004-150x150.jpg 150w, https:\/\/www.nkspansko.hr\/wp-content\/uploads\/2024\/11\/IMG-20241116-WA0004-300x300.jpg 300w, https:\/\/www.nkspansko.hr\/wp-content\/uploads\/2024\/11\/IMG-20241116-WA0004-100x100.jpg 100w\" sizes=\"auto, (max-width: 150px) 100vw, 150px\" \/><\/a>\n\t\t\t<\/dt><\/dl><dl class='gallery-item'>\n\t\t\t<dt class='gallery-icon landscape'>\n\t\t\t\t<a href='https:\/\/www.nkspansko.hr\/index.php\/2024\/11\/16\/spektakularna-bakljada-u-spanskom-za-zrtve-vukovara-i-bozu-grgica\/img-20241116-wa0006\/'><img loading=\"lazy\" decoding=\"async\" data-attachment-id=\"4429\" data-orig-file=\"https:\/\/www.nkspansko.hr\/wp-content\/uploads\/2024\/11\/IMG-20241116-WA0006.jpg\" data-orig-size=\"2048,1536\" data-comments-opened=\"1\" data-image-meta=\"{&quot;aperture&quot;:&quot;0&quot;,&quot;credit&quot;:&quot;&quot;,&quot;camera&quot;:&quot;&quot;,&quot;caption&quot;:&quot;&quot;,&quot;created_timestamp&quot;:&quot;0&quot;,&quot;copyright&quot;:&quot;&quot;,&quot;focal_length&quot;:&quot;0&quot;,&quot;iso&quot;:&quot;0&quot;,&quot;shutter_speed&quot;:&quot;0&quot;,&quot;title&quot;:&quot;&quot;,&quot;orientation&quot;:&quot;0&quot;}\" data-image-title=\"IMG-20241116-WA0006\" data-image-description=\"\" data-medium-file=\"https:\/\/www.nkspansko.hr\/wp-content\/uploads\/2024\/11\/IMG-20241116-WA0006-300x225.jpg\" data-large-file=\"https:\/\/www.nkspansko.hr\/wp-content\/uploads\/2024\/11\/IMG-20241116-WA0006-1024x768.jpg\" title=\"IMG-20241116-WA0006\" width=\"150\" height=\"150\" src=\"https:\/\/www.nkspansko.hr\/wp-content\/uploads\/2024\/11\/IMG-20241116-WA0006-150x150.jpg\" class=\"attachment-thumbnail size-thumbnail\" alt=\"Bakljada u \u0160panskom\" srcset=\"https:\/\/www.nkspansko.hr\/wp-content\/uploads\/2024\/11\/IMG-20241116-WA0006-150x150.jpg 150w, https:\/\/www.nkspansko.hr\/wp-content\/uploads\/2024\/11\/IMG-20241116-WA0006-300x300.jpg 300w, https:\/\/www.nkspansko.hr\/wp-content\/uploads\/2024\/11\/IMG-20241116-WA0006-100x100.jpg 100w\" sizes=\"auto, (max-width: 150px) 100vw, 150px\" \/><\/a>\n\t\t\t<\/dt><\/dl><dl class='gallery-item'>\n\t\t\t<dt class='gallery-icon landscape'>\n\t\t\t\t<a href='https:\/\/www.nkspansko.hr\/index.php\/2024\/11\/16\/spektakularna-bakljada-u-spanskom-za-zrtve-vukovara-i-bozu-grgica\/img-20241116-wa0010\/'><img loading=\"lazy\" decoding=\"async\" data-attachment-id=\"4428\" data-orig-file=\"https:\/\/www.nkspansko.hr\/wp-content\/uploads\/2024\/11\/IMG-20241116-WA0010.jpg\" data-orig-size=\"2000,934\" data-comments-opened=\"1\" data-image-meta=\"{&quot;aperture&quot;:&quot;0&quot;,&quot;credit&quot;:&quot;&quot;,&quot;camera&quot;:&quot;&quot;,&quot;caption&quot;:&quot;&quot;,&quot;created_timestamp&quot;:&quot;0&quot;,&quot;copyright&quot;:&quot;&quot;,&quot;focal_length&quot;:&quot;0&quot;,&quot;iso&quot;:&quot;0&quot;,&quot;shutter_speed&quot;:&quot;0&quot;,&quot;title&quot;:&quot;&quot;,&quot;orientation&quot;:&quot;0&quot;}\" data-image-title=\"IMG-20241116-WA0010\" data-image-description=\"\" data-medium-file=\"https:\/\/www.nkspansko.hr\/wp-content\/uploads\/2024\/11\/IMG-20241116-WA0010-300x140.jpg\" data-large-file=\"https:\/\/www.nkspansko.hr\/wp-content\/uploads\/2024\/11\/IMG-20241116-WA0010-1024x478.jpg\" title=\"IMG-20241116-WA0010\" width=\"150\" height=\"150\" src=\"https:\/\/www.nkspansko.hr\/wp-content\/uploads\/2024\/11\/IMG-20241116-WA0010-150x150.jpg\" class=\"attachment-thumbnail size-thumbnail\" alt=\"\" srcset=\"https:\/\/www.nkspansko.hr\/wp-content\/uploads\/2024\/11\/IMG-20241116-WA0010-150x150.jpg 150w, https:\/\/www.nkspansko.hr\/wp-content\/uploads\/2024\/11\/IMG-20241116-WA0010-300x300.jpg 300w, https:\/\/www.nkspansko.hr\/wp-content\/uploads\/2024\/11\/IMG-20241116-WA0010-100x100.jpg 100w\" sizes=\"auto, (max-width: 150px) 100vw, 150px\" \/><\/a>\n\t\t\t<\/dt><\/dl><br style=\"clear: both\" \/><dl class='gallery-item'>\n\t\t\t<dt class='gallery-icon landscape'>\n\t\t\t\t<a href='https:\/\/www.nkspansko.hr\/index.php\/2024\/11\/16\/spektakularna-bakljada-u-spanskom-za-zrtve-vukovara-i-bozu-grgica\/img-20241116-wa0011\/'><img loading=\"lazy\" decoding=\"async\" data-attachment-id=\"4427\" data-orig-file=\"https:\/\/www.nkspansko.hr\/wp-content\/uploads\/2024\/11\/IMG-20241116-WA0011.jpg\" data-orig-size=\"2000,934\" data-comments-opened=\"1\" data-image-meta=\"{&quot;aperture&quot;:&quot;0&quot;,&quot;credit&quot;:&quot;&quot;,&quot;camera&quot;:&quot;&quot;,&quot;caption&quot;:&quot;&quot;,&quot;created_timestamp&quot;:&quot;0&quot;,&quot;copyright&quot;:&quot;&quot;,&quot;focal_length&quot;:&quot;0&quot;,&quot;iso&quot;:&quot;0&quot;,&quot;shutter_speed&quot;:&quot;0&quot;,&quot;title&quot;:&quot;&quot;,&quot;orientation&quot;:&quot;0&quot;}\" data-image-title=\"IMG-20241116-WA0011\" data-image-description=\"\" data-medium-file=\"https:\/\/www.nkspansko.hr\/wp-content\/uploads\/2024\/11\/IMG-20241116-WA0011-300x140.jpg\" data-large-file=\"https:\/\/www.nkspansko.hr\/wp-content\/uploads\/2024\/11\/IMG-20241116-WA0011-1024x478.jpg\" title=\"IMG-20241116-WA0011\" width=\"150\" height=\"150\" src=\"https:\/\/www.nkspansko.hr\/wp-content\/uploads\/2024\/11\/IMG-20241116-WA0011-150x150.jpg\" class=\"attachment-thumbnail size-thumbnail\" alt=\"\" srcset=\"https:\/\/www.nkspansko.hr\/wp-content\/uploads\/2024\/11\/IMG-20241116-WA0011-150x150.jpg 150w, https:\/\/www.nkspansko.hr\/wp-content\/uploads\/2024\/11\/IMG-20241116-WA0011-300x300.jpg 300w, https:\/\/www.nkspansko.hr\/wp-content\/uploads\/2024\/11\/IMG-20241116-WA0011-100x100.jpg 100w\" sizes=\"auto, (max-width: 150px) 100vw, 150px\" \/><\/a>\n\t\t\t<\/dt><\/dl><dl class='gallery-item'>\n\t\t\t<dt class='gallery-icon landscape'>\n\t\t\t\t<a href='https:\/\/www.nkspansko.hr\/index.php\/2024\/11\/16\/spektakularna-bakljada-u-spanskom-za-zrtve-vukovara-i-bozu-grgica\/img-20241116-wa0012\/'><img loading=\"lazy\" decoding=\"async\" data-attachment-id=\"4426\" data-orig-file=\"https:\/\/www.nkspansko.hr\/wp-content\/uploads\/2024\/11\/IMG-20241116-WA0012.jpg\" data-orig-size=\"2000,934\" data-comments-opened=\"1\" data-image-meta=\"{&quot;aperture&quot;:&quot;0&quot;,&quot;credit&quot;:&quot;&quot;,&quot;camera&quot;:&quot;&quot;,&quot;caption&quot;:&quot;&quot;,&quot;created_timestamp&quot;:&quot;0&quot;,&quot;copyright&quot;:&quot;&quot;,&quot;focal_length&quot;:&quot;0&quot;,&quot;iso&quot;:&quot;0&quot;,&quot;shutter_speed&quot;:&quot;0&quot;,&quot;title&quot;:&quot;&quot;,&quot;orientation&quot;:&quot;0&quot;}\" data-image-title=\"IMG-20241116-WA0012\" data-image-description=\"\" data-medium-file=\"https:\/\/www.nkspansko.hr\/wp-content\/uploads\/2024\/11\/IMG-20241116-WA0012-300x140.jpg\" data-large-file=\"https:\/\/www.nkspansko.hr\/wp-content\/uploads\/2024\/11\/IMG-20241116-WA0012-1024x478.jpg\" title=\"IMG-20241116-WA0012\" width=\"150\" height=\"150\" src=\"https:\/\/www.nkspansko.hr\/wp-content\/uploads\/2024\/11\/IMG-20241116-WA0012-150x150.jpg\" class=\"attachment-thumbnail size-thumbnail\" alt=\"\" srcset=\"https:\/\/www.nkspansko.hr\/wp-content\/uploads\/2024\/11\/IMG-20241116-WA0012-150x150.jpg 150w, https:\/\/www.nkspansko.hr\/wp-content\/uploads\/2024\/11\/IMG-20241116-WA0012-300x300.jpg 300w, https:\/\/www.nkspansko.hr\/wp-content\/uploads\/2024\/11\/IMG-20241116-WA0012-100x100.jpg 100w\" sizes=\"auto, (max-width: 150px) 100vw, 150px\" \/><\/a>\n\t\t\t<\/dt><\/dl><dl class='gallery-item'>\n\t\t\t<dt class='gallery-icon landscape'>\n\t\t\t\t<a href='https:\/\/www.nkspansko.hr\/index.php\/2024\/11\/16\/spektakularna-bakljada-u-spanskom-za-zrtve-vukovara-i-bozu-grgica\/img-20241116-wa0013\/'><img loading=\"lazy\" decoding=\"async\" data-attachment-id=\"4425\" data-orig-file=\"https:\/\/www.nkspansko.hr\/wp-content\/uploads\/2024\/11\/IMG-20241116-WA0013.jpg\" data-orig-size=\"2000,934\" data-comments-opened=\"1\" data-image-meta=\"{&quot;aperture&quot;:&quot;0&quot;,&quot;credit&quot;:&quot;&quot;,&quot;camera&quot;:&quot;&quot;,&quot;caption&quot;:&quot;&quot;,&quot;created_timestamp&quot;:&quot;0&quot;,&quot;copyright&quot;:&quot;&quot;,&quot;focal_length&quot;:&quot;0&quot;,&quot;iso&quot;:&quot;0&quot;,&quot;shutter_speed&quot;:&quot;0&quot;,&quot;title&quot;:&quot;&quot;,&quot;orientation&quot;:&quot;0&quot;}\" data-image-title=\"IMG-20241116-WA0013\" data-image-description=\"\" data-medium-file=\"https:\/\/www.nkspansko.hr\/wp-content\/uploads\/2024\/11\/IMG-20241116-WA0013-300x140.jpg\" data-large-file=\"https:\/\/www.nkspansko.hr\/wp-content\/uploads\/2024\/11\/IMG-20241116-WA0013-1024x478.jpg\" title=\"IMG-20241116-WA0013\" width=\"150\" height=\"150\" src=\"https:\/\/www.nkspansko.hr\/wp-content\/uploads\/2024\/11\/IMG-20241116-WA0013-150x150.jpg\" class=\"attachment-thumbnail size-thumbnail\" alt=\"\" srcset=\"https:\/\/www.nkspansko.hr\/wp-content\/uploads\/2024\/11\/IMG-20241116-WA0013-150x150.jpg 150w, https:\/\/www.nkspansko.hr\/wp-content\/uploads\/2024\/11\/IMG-20241116-WA0013-300x300.jpg 300w, https:\/\/www.nkspansko.hr\/wp-content\/uploads\/2024\/11\/IMG-20241116-WA0013-100x100.jpg 100w\" sizes=\"auto, (max-width: 150px) 100vw, 150px\" \/><\/a>\n\t\t\t<\/dt><\/dl><br style=\"clear: both\" \/><dl class='gallery-item'>\n\t\t\t<dt class='gallery-icon landscape'>\n\t\t\t\t<a href='https:\/\/www.nkspansko.hr\/index.php\/2024\/11\/16\/spektakularna-bakljada-u-spanskom-za-zrtve-vukovara-i-bozu-grgica\/img-20241116-wa0014\/'><img loading=\"lazy\" decoding=\"async\" data-attachment-id=\"4424\" data-orig-file=\"https:\/\/www.nkspansko.hr\/wp-content\/uploads\/2024\/11\/IMG-20241116-WA0014.jpg\" data-orig-size=\"2000,934\" data-comments-opened=\"1\" data-image-meta=\"{&quot;aperture&quot;:&quot;0&quot;,&quot;credit&quot;:&quot;&quot;,&quot;camera&quot;:&quot;&quot;,&quot;caption&quot;:&quot;&quot;,&quot;created_timestamp&quot;:&quot;0&quot;,&quot;copyright&quot;:&quot;&quot;,&quot;focal_length&quot;:&quot;0&quot;,&quot;iso&quot;:&quot;0&quot;,&quot;shutter_speed&quot;:&quot;0&quot;,&quot;title&quot;:&quot;&quot;,&quot;orientation&quot;:&quot;0&quot;}\" data-image-title=\"IMG-20241116-WA0014\" data-image-description=\"\" data-medium-file=\"https:\/\/www.nkspansko.hr\/wp-content\/uploads\/2024\/11\/IMG-20241116-WA0014-300x140.jpg\" data-large-file=\"https:\/\/www.nkspansko.hr\/wp-content\/uploads\/2024\/11\/IMG-20241116-WA0014-1024x478.jpg\" title=\"IMG-20241116-WA0014\" width=\"150\" height=\"150\" src=\"https:\/\/www.nkspansko.hr\/wp-content\/uploads\/2024\/11\/IMG-20241116-WA0014-150x150.jpg\" class=\"attachment-thumbnail size-thumbnail\" alt=\"\" srcset=\"https:\/\/www.nkspansko.hr\/wp-content\/uploads\/2024\/11\/IMG-20241116-WA0014-150x150.jpg 150w, https:\/\/www.nkspansko.hr\/wp-content\/uploads\/2024\/11\/IMG-20241116-WA0014-300x300.jpg 300w, https:\/\/www.nkspansko.hr\/wp-content\/uploads\/2024\/11\/IMG-20241116-WA0014-100x100.jpg 100w\" sizes=\"auto, (max-width: 150px) 100vw, 150px\" \/><\/a>\n\t\t\t<\/dt><\/dl><dl class='gallery-item'>\n\t\t\t<dt class='gallery-icon landscape'>\n\t\t\t\t<a href='https:\/\/www.nkspansko.hr\/index.php\/2024\/11\/16\/spektakularna-bakljada-u-spanskom-za-zrtve-vukovara-i-bozu-grgica\/img-20241116-wa0016\/'><img loading=\"lazy\" decoding=\"async\" data-attachment-id=\"4423\" data-orig-file=\"https:\/\/www.nkspansko.hr\/wp-content\/uploads\/2024\/11\/IMG-20241116-WA0016.jpg\" data-orig-size=\"2000,934\" data-comments-opened=\"1\" data-image-meta=\"{&quot;aperture&quot;:&quot;0&quot;,&quot;credit&quot;:&quot;&quot;,&quot;camera&quot;:&quot;&quot;,&quot;caption&quot;:&quot;&quot;,&quot;created_timestamp&quot;:&quot;0&quot;,&quot;copyright&quot;:&quot;&quot;,&quot;focal_length&quot;:&quot;0&quot;,&quot;iso&quot;:&quot;0&quot;,&quot;shutter_speed&quot;:&quot;0&quot;,&quot;title&quot;:&quot;&quot;,&quot;orientation&quot;:&quot;0&quot;}\" data-image-title=\"IMG-20241116-WA0016\" data-image-description=\"\" data-medium-file=\"https:\/\/www.nkspansko.hr\/wp-content\/uploads\/2024\/11\/IMG-20241116-WA0016-300x140.jpg\" data-large-file=\"https:\/\/www.nkspansko.hr\/wp-content\/uploads\/2024\/11\/IMG-20241116-WA0016-1024x478.jpg\" title=\"IMG-20241116-WA0016\" width=\"150\" height=\"150\" src=\"https:\/\/www.nkspansko.hr\/wp-content\/uploads\/2024\/11\/IMG-20241116-WA0016-150x150.jpg\" class=\"attachment-thumbnail size-thumbnail\" alt=\"\" srcset=\"https:\/\/www.nkspansko.hr\/wp-content\/uploads\/2024\/11\/IMG-20241116-WA0016-150x150.jpg 150w, https:\/\/www.nkspansko.hr\/wp-content\/uploads\/2024\/11\/IMG-20241116-WA0016-300x300.jpg 300w, https:\/\/www.nkspansko.hr\/wp-content\/uploads\/2024\/11\/IMG-20241116-WA0016-100x100.jpg 100w\" sizes=\"auto, (max-width: 150px) 100vw, 150px\" \/><\/a>\n\t\t\t<\/dt><\/dl><dl class='gallery-item'>\n\t\t\t<dt class='gallery-icon landscape'>\n\t\t\t\t<a href='https:\/\/www.nkspansko.hr\/index.php\/2024\/11\/16\/spektakularna-bakljada-u-spanskom-za-zrtve-vukovara-i-bozu-grgica\/img-20241116-wa0018\/'><img loading=\"lazy\" decoding=\"async\" data-attachment-id=\"4422\" data-orig-file=\"https:\/\/www.nkspansko.hr\/wp-content\/uploads\/2024\/11\/IMG-20241116-WA0018.jpg\" data-orig-size=\"2000,934\" data-comments-opened=\"1\" data-image-meta=\"{&quot;aperture&quot;:&quot;0&quot;,&quot;credit&quot;:&quot;&quot;,&quot;camera&quot;:&quot;&quot;,&quot;caption&quot;:&quot;&quot;,&quot;created_timestamp&quot;:&quot;0&quot;,&quot;copyright&quot;:&quot;&quot;,&quot;focal_length&quot;:&quot;0&quot;,&quot;iso&quot;:&quot;0&quot;,&quot;shutter_speed&quot;:&quot;0&quot;,&quot;title&quot;:&quot;&quot;,&quot;orientation&quot;:&quot;0&quot;}\" data-image-title=\"IMG-20241116-WA0018\" data-image-description=\"\" data-medium-file=\"https:\/\/www.nkspansko.hr\/wp-content\/uploads\/2024\/11\/IMG-20241116-WA0018-300x140.jpg\" data-large-file=\"https:\/\/www.nkspansko.hr\/wp-content\/uploads\/2024\/11\/IMG-20241116-WA0018-1024x478.jpg\" title=\"IMG-20241116-WA0018\" width=\"150\" height=\"150\" src=\"https:\/\/www.nkspansko.hr\/wp-content\/uploads\/2024\/11\/IMG-20241116-WA0018-150x150.jpg\" class=\"attachment-thumbnail size-thumbnail\" alt=\"\" srcset=\"https:\/\/www.nkspansko.hr\/wp-content\/uploads\/2024\/11\/IMG-20241116-WA0018-150x150.jpg 150w, https:\/\/www.nkspansko.hr\/wp-content\/uploads\/2024\/11\/IMG-20241116-WA0018-300x300.jpg 300w, https:\/\/www.nkspansko.hr\/wp-content\/uploads\/2024\/11\/IMG-20241116-WA0018-100x100.jpg 100w\" sizes=\"auto, (max-width: 150px) 100vw, 150px\" \/><\/a>\n\t\t\t<\/dt><\/dl><br style=\"clear: both\" \/><dl class='gallery-item'>\n\t\t\t<dt class='gallery-icon landscape'>\n\t\t\t\t<a href='https:\/\/www.nkspansko.hr\/index.php\/2024\/11\/16\/spektakularna-bakljada-u-spanskom-za-zrtve-vukovara-i-bozu-grgica\/img-20241116-wa0017\/'><img loading=\"lazy\" decoding=\"async\" data-attachment-id=\"4415\" data-orig-file=\"https:\/\/www.nkspansko.hr\/wp-content\/uploads\/2024\/11\/IMG-20241116-WA0017.jpg\" data-orig-size=\"2000,934\" data-comments-opened=\"1\" data-image-meta=\"{&quot;aperture&quot;:&quot;0&quot;,&quot;credit&quot;:&quot;&quot;,&quot;camera&quot;:&quot;&quot;,&quot;caption&quot;:&quot;&quot;,&quot;created_timestamp&quot;:&quot;0&quot;,&quot;copyright&quot;:&quot;&quot;,&quot;focal_length&quot;:&quot;0&quot;,&quot;iso&quot;:&quot;0&quot;,&quot;shutter_speed&quot;:&quot;0&quot;,&quot;title&quot;:&quot;&quot;,&quot;orientation&quot;:&quot;0&quot;}\" data-image-title=\"IMG-20241116-WA0017\" data-image-description=\"\" data-medium-file=\"https:\/\/www.nkspansko.hr\/wp-content\/uploads\/2024\/11\/IMG-20241116-WA0017-300x140.jpg\" data-large-file=\"https:\/\/www.nkspansko.hr\/wp-content\/uploads\/2024\/11\/IMG-20241116-WA0017-1024x478.jpg\" title=\"IMG-20241116-WA0017\" width=\"150\" height=\"150\" src=\"https:\/\/www.nkspansko.hr\/wp-content\/uploads\/2024\/11\/IMG-20241116-WA0017-150x150.jpg\" class=\"attachment-thumbnail size-thumbnail\" alt=\"\" srcset=\"https:\/\/www.nkspansko.hr\/wp-content\/uploads\/2024\/11\/IMG-20241116-WA0017-150x150.jpg 150w, https:\/\/www.nkspansko.hr\/wp-content\/uploads\/2024\/11\/IMG-20241116-WA0017-300x300.jpg 300w, https:\/\/www.nkspansko.hr\/wp-content\/uploads\/2024\/11\/IMG-20241116-WA0017-100x100.jpg 100w\" sizes=\"auto, (max-width: 150px) 100vw, 150px\" \/><\/a>\n\t\t\t<\/dt><\/dl>\n\t\t\t<br style='clear: both' \/>\n\t\t<\/div>\n\n","protected":false},"excerpt":{"rendered":"<p>\u0160pansko i Polet odigrali su 0:0 u derbiju 13. kola 4. NL Sredi\u0161te Zagreb \u2013 Podskupina A. U vrlo tvrdoj utakmici \u0160pansko je dominiralo, ali nije stvorilo previ\u0161e \u0161ansi. Mo\u017eda tek jednu ili dvije ozbiljnije prilike. Gosti su se dobro branili cijelu utakmicu, \u010dvrstom obranom pokazali su za\u0161to su visoko plasirani na ljestvici. \u0160pansko ostaje&#8230;<\/p>\n<a href=\"https:\/\/www.nkspansko.hr\/index.php\/2024\/11\/16\/spansko-ostaje-na-prvom-mjestu-sjajna-atmosfera-i-bakljada-za-vukovar\/\" class=\"more-link\">Op\u0161irnije<\/a>","protected":false},"author":2,"featured_media":4429,"comment_status":"open","ping_status":"open","sticky":false,"template":"","format":"standard","meta":{"footnotes":""},"categories":[2],"tags":[178,175,24,176],"class_list":["post-4434","post","type-post","status-publish","format-standard","has-post-thumbnail","hentry","category-klupske-vijesti","tag-boze-grgic","tag-nk-polet","tag-nk-spansko","tag-vukovar"],"_links":{"self":[{"href":"https:\/\/www.nkspansko.hr\/index.php\/wp-json\/wp\/v2\/posts\/4434","targetHints":{"allow":["GET"]}}],"collection":[{"href":"https:\/\/www.nkspansko.hr\/index.php\/wp-json\/wp\/v2\/posts"}],"about":[{"href":"https:\/\/www.nkspansko.hr\/index.php\/wp-json\/wp\/v2\/types\/post"}],"author":[{"embeddable":true,"href":"https:\/\/www.nkspansko.hr\/index.php\/wp-json\/wp\/v2\/users\/2"}],"replies":[{"embeddable":true,"href":"https:\/\/www.nkspansko.hr\/index.php\/wp-json\/wp\/v2\/comments?post=4434"}],"version-history":[{"count":4,"href":"https:\/\/www.nkspansko.hr\/index.php\/wp-json\/wp\/v2\/posts\/4434\/revisions"}],"predecessor-version":[{"id":4438,"href":"https:\/\/www.nkspansko.hr\/index.php\/wp-json\/wp\/v2\/posts\/4434\/revisions\/4438"}],"wp:featuredmedia":[{"embeddable":true,"href":"https:\/\/www.nkspansko.hr\/index.php\/wp-json\/wp\/v2\/media\/4429"}],"wp:attachment":[{"href":"https:\/\/www.nkspansko.hr\/index.php\/wp-json\/wp\/v2\/media?parent=4434"}],"wp:term":[{"taxonomy":"category","embeddable":true,"href":"https:\/\/www.nkspansko.hr\/index.php\/wp-json\/wp\/v2\/categories?post=4434"},{"taxonomy":"post_tag","embeddable":true,"href":"https:\/\/www.nkspansko.hr\/index.php\/wp-json\/wp\/v2\/tags?post=4434"}],"curies":[{"name":"wp","href":"https:\/\/api.w.org\/{rel}","templated":true}]}}