{"id":4413,"date":"2024-11-16T14:58:59","date_gmt":"2024-11-16T13:58:59","guid":{"rendered":"https:\/\/www.nkspansko.hr\/?p=4413"},"modified":"2024-11-16T15:17:31","modified_gmt":"2024-11-16T14:17:31","slug":"spektakularna-bakljada-u-spanskom-za-zrtve-vukovara-i-bozu-grgica","status":"publish","type":"post","link":"https:\/\/www.nkspansko.hr\/index.php\/2024\/11\/16\/spektakularna-bakljada-u-spanskom-za-zrtve-vukovara-i-bozu-grgica\/","title":{"rendered":"Spektakularna bakljada u \u0160panskom za \u017ertve Vukovara i Bo\u017eu Grgi\u0107a"},"content":{"rendered":"<p style=\"text-align: center\">Povodom derbija <strong>\u0160pansko &#8211; Polet<\/strong> u 13. kolu 4. NL u \u0160panskom je sve\u010dano obilje\u017een predstoje\u0107i <strong>Dan sje\u0107anja na \u017ertve Vukovara<\/strong> te nedavno preminulog dragovoljca Domovinskog rata, skup\u0161tinara i velikog prijatelja NK \u0160pansko <strong>Bo\u017eu Grgi\u0107a<\/strong>.<\/p>\n<div style=\"width: 848px;\" class=\"wp-video\"><video class=\"wp-video-shortcode\" id=\"video-4413-1\" width=\"848\" height=\"478\" preload=\"metadata\" controls=\"controls\"><source type=\"video\/mp4\" src=\"https:\/\/www.nkspansko.hr\/wp-content\/uploads\/2024\/11\/VID-20241116-WA0022.mp4?_=1\" \/><a href=\"https:\/\/www.nkspansko.hr\/wp-content\/uploads\/2024\/11\/VID-20241116-WA0022.mp4\">https:\/\/www.nkspansko.hr\/wp-content\/uploads\/2024\/11\/VID-20241116-WA0022.mp4<\/a><\/video><\/div>\n<p>Uo\u010di utakmice igra\u010di obje mom\u010dadi iznijeli su transparent posve\u0107en Vukovaru i odr\u017eana je minuta \u0161utnje za Grgi\u0107a i sve \u017ertve Vukovara, a u simboli\u010dnoj 18. minuti utakmica je prekinuta kako bi navija\u010di \u0160panskog zapalili brojne baklje i dimne bombe te su tako na svoj na\u010din odali po\u010dast gradu heroju.<\/p>\n<div style=\"width: 848px;\" class=\"wp-video\"><video class=\"wp-video-shortcode\" id=\"video-4413-2\" width=\"848\" height=\"480\" preload=\"metadata\" controls=\"controls\"><source type=\"video\/mp4\" src=\"https:\/\/www.nkspansko.hr\/wp-content\/uploads\/2024\/11\/VID-20241116-WA0020.mp4?_=2\" \/><a href=\"https:\/\/www.nkspansko.hr\/wp-content\/uploads\/2024\/11\/VID-20241116-WA0020.mp4\">https:\/\/www.nkspansko.hr\/wp-content\/uploads\/2024\/11\/VID-20241116-WA0020.mp4<\/a><\/video><\/div>\n\n\t\t<style type=\"text\/css\">\n\t\t\t#gallery-1 {\n\t\t\t\tmargin: auto;\n\t\t\t}\n\t\t\t#gallery-1 .gallery-item {\n\t\t\t\tfloat: left;\n\t\t\t\tmargin-top: 10px;\n\t\t\t\ttext-align: center;\n\t\t\t\twidth: 33%;\n\t\t\t}\n\t\t\t#gallery-1 img {\n\t\t\t\tborder: 2px solid #cfcfcf;\n\t\t\t}\n\t\t\t#gallery-1 .gallery-caption {\n\t\t\t\tmargin-left: 0;\n\t\t\t}\n\t\t\t\/* see gallery_shortcode() in wp-includes\/media.php *\/\n\t\t<\/style>\n\t\t<div data-carousel-extra='{\"blog_id\":1,\"permalink\":\"https:\\\/\\\/www.nkspansko.hr\\\/index.php\\\/2024\\\/11\\\/16\\\/spektakularna-bakljada-u-spanskom-za-zrtve-vukovara-i-bozu-grgica\\\/\"}' id='gallery-1' class='gallery galleryid-4413 gallery-columns-3 gallery-size-thumbnail'><dl class='gallery-item'>\n\t\t\t<dt class='gallery-icon landscape'>\n\t\t\t\t<a href='https:\/\/www.nkspansko.hr\/index.php\/2024\/11\/16\/spektakularna-bakljada-u-spanskom-za-zrtve-vukovara-i-bozu-grgica\/img-20241116-wa0018\/'><img loading=\"lazy\" decoding=\"async\" data-attachment-id=\"4422\" data-orig-file=\"https:\/\/www.nkspansko.hr\/wp-content\/uploads\/2024\/11\/IMG-20241116-WA0018.jpg\" data-orig-size=\"2000,934\" data-comments-opened=\"1\" data-image-meta=\"{&quot;aperture&quot;:&quot;0&quot;,&quot;credit&quot;:&quot;&quot;,&quot;camera&quot;:&quot;&quot;,&quot;caption&quot;:&quot;&quot;,&quot;created_timestamp&quot;:&quot;0&quot;,&quot;copyright&quot;:&quot;&quot;,&quot;focal_length&quot;:&quot;0&quot;,&quot;iso&quot;:&quot;0&quot;,&quot;shutter_speed&quot;:&quot;0&quot;,&quot;title&quot;:&quot;&quot;,&quot;orientation&quot;:&quot;0&quot;}\" data-image-title=\"IMG-20241116-WA0018\" data-image-description=\"\" data-medium-file=\"https:\/\/www.nkspansko.hr\/wp-content\/uploads\/2024\/11\/IMG-20241116-WA0018-300x140.jpg\" data-large-file=\"https:\/\/www.nkspansko.hr\/wp-content\/uploads\/2024\/11\/IMG-20241116-WA0018-1024x478.jpg\" title=\"IMG-20241116-WA0018\" width=\"150\" height=\"150\" src=\"https:\/\/www.nkspansko.hr\/wp-content\/uploads\/2024\/11\/IMG-20241116-WA0018-150x150.jpg\" class=\"attachment-thumbnail size-thumbnail\" alt=\"\" srcset=\"https:\/\/www.nkspansko.hr\/wp-content\/uploads\/2024\/11\/IMG-20241116-WA0018-150x150.jpg 150w, https:\/\/www.nkspansko.hr\/wp-content\/uploads\/2024\/11\/IMG-20241116-WA0018-300x300.jpg 300w, https:\/\/www.nkspansko.hr\/wp-content\/uploads\/2024\/11\/IMG-20241116-WA0018-100x100.jpg 100w\" sizes=\"auto, (max-width: 150px) 100vw, 150px\" \/><\/a>\n\t\t\t<\/dt><\/dl><dl class='gallery-item'>\n\t\t\t<dt class='gallery-icon landscape'>\n\t\t\t\t<a href='https:\/\/www.nkspansko.hr\/index.php\/2024\/11\/16\/spektakularna-bakljada-u-spanskom-za-zrtve-vukovara-i-bozu-grgica\/img-20241116-wa0016\/'><img loading=\"lazy\" decoding=\"async\" data-attachment-id=\"4423\" data-orig-file=\"https:\/\/www.nkspansko.hr\/wp-content\/uploads\/2024\/11\/IMG-20241116-WA0016.jpg\" data-orig-size=\"2000,934\" data-comments-opened=\"1\" data-image-meta=\"{&quot;aperture&quot;:&quot;0&quot;,&quot;credit&quot;:&quot;&quot;,&quot;camera&quot;:&quot;&quot;,&quot;caption&quot;:&quot;&quot;,&quot;created_timestamp&quot;:&quot;0&quot;,&quot;copyright&quot;:&quot;&quot;,&quot;focal_length&quot;:&quot;0&quot;,&quot;iso&quot;:&quot;0&quot;,&quot;shutter_speed&quot;:&quot;0&quot;,&quot;title&quot;:&quot;&quot;,&quot;orientation&quot;:&quot;0&quot;}\" data-image-title=\"IMG-20241116-WA0016\" data-image-description=\"\" data-medium-file=\"https:\/\/www.nkspansko.hr\/wp-content\/uploads\/2024\/11\/IMG-20241116-WA0016-300x140.jpg\" data-large-file=\"https:\/\/www.nkspansko.hr\/wp-content\/uploads\/2024\/11\/IMG-20241116-WA0016-1024x478.jpg\" title=\"IMG-20241116-WA0016\" width=\"150\" height=\"150\" src=\"https:\/\/www.nkspansko.hr\/wp-content\/uploads\/2024\/11\/IMG-20241116-WA0016-150x150.jpg\" class=\"attachment-thumbnail size-thumbnail\" alt=\"\" srcset=\"https:\/\/www.nkspansko.hr\/wp-content\/uploads\/2024\/11\/IMG-20241116-WA0016-150x150.jpg 150w, https:\/\/www.nkspansko.hr\/wp-content\/uploads\/2024\/11\/IMG-20241116-WA0016-300x300.jpg 300w, https:\/\/www.nkspansko.hr\/wp-content\/uploads\/2024\/11\/IMG-20241116-WA0016-100x100.jpg 100w\" sizes=\"auto, (max-width: 150px) 100vw, 150px\" \/><\/a>\n\t\t\t<\/dt><\/dl><dl class='gallery-item'>\n\t\t\t<dt class='gallery-icon landscape'>\n\t\t\t\t<a href='https:\/\/www.nkspansko.hr\/index.php\/2024\/11\/16\/spektakularna-bakljada-u-spanskom-za-zrtve-vukovara-i-bozu-grgica\/img-20241116-wa0014\/'><img loading=\"lazy\" decoding=\"async\" data-attachment-id=\"4424\" data-orig-file=\"https:\/\/www.nkspansko.hr\/wp-content\/uploads\/2024\/11\/IMG-20241116-WA0014.jpg\" data-orig-size=\"2000,934\" data-comments-opened=\"1\" data-image-meta=\"{&quot;aperture&quot;:&quot;0&quot;,&quot;credit&quot;:&quot;&quot;,&quot;camera&quot;:&quot;&quot;,&quot;caption&quot;:&quot;&quot;,&quot;created_timestamp&quot;:&quot;0&quot;,&quot;copyright&quot;:&quot;&quot;,&quot;focal_length&quot;:&quot;0&quot;,&quot;iso&quot;:&quot;0&quot;,&quot;shutter_speed&quot;:&quot;0&quot;,&quot;title&quot;:&quot;&quot;,&quot;orientation&quot;:&quot;0&quot;}\" data-image-title=\"IMG-20241116-WA0014\" data-image-description=\"\" data-medium-file=\"https:\/\/www.nkspansko.hr\/wp-content\/uploads\/2024\/11\/IMG-20241116-WA0014-300x140.jpg\" data-large-file=\"https:\/\/www.nkspansko.hr\/wp-content\/uploads\/2024\/11\/IMG-20241116-WA0014-1024x478.jpg\" title=\"IMG-20241116-WA0014\" width=\"150\" height=\"150\" src=\"https:\/\/www.nkspansko.hr\/wp-content\/uploads\/2024\/11\/IMG-20241116-WA0014-150x150.jpg\" class=\"attachment-thumbnail size-thumbnail\" alt=\"\" srcset=\"https:\/\/www.nkspansko.hr\/wp-content\/uploads\/2024\/11\/IMG-20241116-WA0014-150x150.jpg 150w, https:\/\/www.nkspansko.hr\/wp-content\/uploads\/2024\/11\/IMG-20241116-WA0014-300x300.jpg 300w, https:\/\/www.nkspansko.hr\/wp-content\/uploads\/2024\/11\/IMG-20241116-WA0014-100x100.jpg 100w\" sizes=\"auto, (max-width: 150px) 100vw, 150px\" \/><\/a>\n\t\t\t<\/dt><\/dl><br style=\"clear: both\" \/><dl class='gallery-item'>\n\t\t\t<dt class='gallery-icon landscape'>\n\t\t\t\t<a href='https:\/\/www.nkspansko.hr\/index.php\/2024\/11\/16\/spektakularna-bakljada-u-spanskom-za-zrtve-vukovara-i-bozu-grgica\/img-20241116-wa0013\/'><img loading=\"lazy\" decoding=\"async\" data-attachment-id=\"4425\" data-orig-file=\"https:\/\/www.nkspansko.hr\/wp-content\/uploads\/2024\/11\/IMG-20241116-WA0013.jpg\" data-orig-size=\"2000,934\" data-comments-opened=\"1\" data-image-meta=\"{&quot;aperture&quot;:&quot;0&quot;,&quot;credit&quot;:&quot;&quot;,&quot;camera&quot;:&quot;&quot;,&quot;caption&quot;:&quot;&quot;,&quot;created_timestamp&quot;:&quot;0&quot;,&quot;copyright&quot;:&quot;&quot;,&quot;focal_length&quot;:&quot;0&quot;,&quot;iso&quot;:&quot;0&quot;,&quot;shutter_speed&quot;:&quot;0&quot;,&quot;title&quot;:&quot;&quot;,&quot;orientation&quot;:&quot;0&quot;}\" data-image-title=\"IMG-20241116-WA0013\" data-image-description=\"\" data-medium-file=\"https:\/\/www.nkspansko.hr\/wp-content\/uploads\/2024\/11\/IMG-20241116-WA0013-300x140.jpg\" data-large-file=\"https:\/\/www.nkspansko.hr\/wp-content\/uploads\/2024\/11\/IMG-20241116-WA0013-1024x478.jpg\" title=\"IMG-20241116-WA0013\" width=\"150\" height=\"150\" src=\"https:\/\/www.nkspansko.hr\/wp-content\/uploads\/2024\/11\/IMG-20241116-WA0013-150x150.jpg\" class=\"attachment-thumbnail size-thumbnail\" alt=\"\" srcset=\"https:\/\/www.nkspansko.hr\/wp-content\/uploads\/2024\/11\/IMG-20241116-WA0013-150x150.jpg 150w, https:\/\/www.nkspansko.hr\/wp-content\/uploads\/2024\/11\/IMG-20241116-WA0013-300x300.jpg 300w, https:\/\/www.nkspansko.hr\/wp-content\/uploads\/2024\/11\/IMG-20241116-WA0013-100x100.jpg 100w\" sizes=\"auto, (max-width: 150px) 100vw, 150px\" \/><\/a>\n\t\t\t<\/dt><\/dl><dl class='gallery-item'>\n\t\t\t<dt class='gallery-icon landscape'>\n\t\t\t\t<a href='https:\/\/www.nkspansko.hr\/index.php\/2024\/11\/16\/spektakularna-bakljada-u-spanskom-za-zrtve-vukovara-i-bozu-grgica\/img-20241116-wa0012\/'><img loading=\"lazy\" decoding=\"async\" data-attachment-id=\"4426\" data-orig-file=\"https:\/\/www.nkspansko.hr\/wp-content\/uploads\/2024\/11\/IMG-20241116-WA0012.jpg\" data-orig-size=\"2000,934\" data-comments-opened=\"1\" data-image-meta=\"{&quot;aperture&quot;:&quot;0&quot;,&quot;credit&quot;:&quot;&quot;,&quot;camera&quot;:&quot;&quot;,&quot;caption&quot;:&quot;&quot;,&quot;created_timestamp&quot;:&quot;0&quot;,&quot;copyright&quot;:&quot;&quot;,&quot;focal_length&quot;:&quot;0&quot;,&quot;iso&quot;:&quot;0&quot;,&quot;shutter_speed&quot;:&quot;0&quot;,&quot;title&quot;:&quot;&quot;,&quot;orientation&quot;:&quot;0&quot;}\" data-image-title=\"IMG-20241116-WA0012\" data-image-description=\"\" data-medium-file=\"https:\/\/www.nkspansko.hr\/wp-content\/uploads\/2024\/11\/IMG-20241116-WA0012-300x140.jpg\" data-large-file=\"https:\/\/www.nkspansko.hr\/wp-content\/uploads\/2024\/11\/IMG-20241116-WA0012-1024x478.jpg\" title=\"IMG-20241116-WA0012\" width=\"150\" height=\"150\" src=\"https:\/\/www.nkspansko.hr\/wp-content\/uploads\/2024\/11\/IMG-20241116-WA0012-150x150.jpg\" class=\"attachment-thumbnail size-thumbnail\" alt=\"\" srcset=\"https:\/\/www.nkspansko.hr\/wp-content\/uploads\/2024\/11\/IMG-20241116-WA0012-150x150.jpg 150w, https:\/\/www.nkspansko.hr\/wp-content\/uploads\/2024\/11\/IMG-20241116-WA0012-300x300.jpg 300w, https:\/\/www.nkspansko.hr\/wp-content\/uploads\/2024\/11\/IMG-20241116-WA0012-100x100.jpg 100w\" sizes=\"auto, (max-width: 150px) 100vw, 150px\" \/><\/a>\n\t\t\t<\/dt><\/dl><dl class='gallery-item'>\n\t\t\t<dt class='gallery-icon landscape'>\n\t\t\t\t<a href='https:\/\/www.nkspansko.hr\/index.php\/2024\/11\/16\/spektakularna-bakljada-u-spanskom-za-zrtve-vukovara-i-bozu-grgica\/img-20241116-wa0011\/'><img loading=\"lazy\" decoding=\"async\" data-attachment-id=\"4427\" data-orig-file=\"https:\/\/www.nkspansko.hr\/wp-content\/uploads\/2024\/11\/IMG-20241116-WA0011.jpg\" data-orig-size=\"2000,934\" data-comments-opened=\"1\" data-image-meta=\"{&quot;aperture&quot;:&quot;0&quot;,&quot;credit&quot;:&quot;&quot;,&quot;camera&quot;:&quot;&quot;,&quot;caption&quot;:&quot;&quot;,&quot;created_timestamp&quot;:&quot;0&quot;,&quot;copyright&quot;:&quot;&quot;,&quot;focal_length&quot;:&quot;0&quot;,&quot;iso&quot;:&quot;0&quot;,&quot;shutter_speed&quot;:&quot;0&quot;,&quot;title&quot;:&quot;&quot;,&quot;orientation&quot;:&quot;0&quot;}\" data-image-title=\"IMG-20241116-WA0011\" data-image-description=\"\" data-medium-file=\"https:\/\/www.nkspansko.hr\/wp-content\/uploads\/2024\/11\/IMG-20241116-WA0011-300x140.jpg\" data-large-file=\"https:\/\/www.nkspansko.hr\/wp-content\/uploads\/2024\/11\/IMG-20241116-WA0011-1024x478.jpg\" title=\"IMG-20241116-WA0011\" width=\"150\" height=\"150\" src=\"https:\/\/www.nkspansko.hr\/wp-content\/uploads\/2024\/11\/IMG-20241116-WA0011-150x150.jpg\" class=\"attachment-thumbnail size-thumbnail\" alt=\"\" srcset=\"https:\/\/www.nkspansko.hr\/wp-content\/uploads\/2024\/11\/IMG-20241116-WA0011-150x150.jpg 150w, https:\/\/www.nkspansko.hr\/wp-content\/uploads\/2024\/11\/IMG-20241116-WA0011-300x300.jpg 300w, https:\/\/www.nkspansko.hr\/wp-content\/uploads\/2024\/11\/IMG-20241116-WA0011-100x100.jpg 100w\" sizes=\"auto, (max-width: 150px) 100vw, 150px\" \/><\/a>\n\t\t\t<\/dt><\/dl><br style=\"clear: both\" \/><dl class='gallery-item'>\n\t\t\t<dt class='gallery-icon landscape'>\n\t\t\t\t<a href='https:\/\/www.nkspansko.hr\/index.php\/2024\/11\/16\/spektakularna-bakljada-u-spanskom-za-zrtve-vukovara-i-bozu-grgica\/img-20241116-wa0010\/'><img loading=\"lazy\" decoding=\"async\" data-attachment-id=\"4428\" data-orig-file=\"https:\/\/www.nkspansko.hr\/wp-content\/uploads\/2024\/11\/IMG-20241116-WA0010.jpg\" data-orig-size=\"2000,934\" data-comments-opened=\"1\" data-image-meta=\"{&quot;aperture&quot;:&quot;0&quot;,&quot;credit&quot;:&quot;&quot;,&quot;camera&quot;:&quot;&quot;,&quot;caption&quot;:&quot;&quot;,&quot;created_timestamp&quot;:&quot;0&quot;,&quot;copyright&quot;:&quot;&quot;,&quot;focal_length&quot;:&quot;0&quot;,&quot;iso&quot;:&quot;0&quot;,&quot;shutter_speed&quot;:&quot;0&quot;,&quot;title&quot;:&quot;&quot;,&quot;orientation&quot;:&quot;0&quot;}\" data-image-title=\"IMG-20241116-WA0010\" data-image-description=\"\" data-medium-file=\"https:\/\/www.nkspansko.hr\/wp-content\/uploads\/2024\/11\/IMG-20241116-WA0010-300x140.jpg\" data-large-file=\"https:\/\/www.nkspansko.hr\/wp-content\/uploads\/2024\/11\/IMG-20241116-WA0010-1024x478.jpg\" title=\"IMG-20241116-WA0010\" width=\"150\" height=\"150\" src=\"https:\/\/www.nkspansko.hr\/wp-content\/uploads\/2024\/11\/IMG-20241116-WA0010-150x150.jpg\" class=\"attachment-thumbnail size-thumbnail\" alt=\"\" srcset=\"https:\/\/www.nkspansko.hr\/wp-content\/uploads\/2024\/11\/IMG-20241116-WA0010-150x150.jpg 150w, https:\/\/www.nkspansko.hr\/wp-content\/uploads\/2024\/11\/IMG-20241116-WA0010-300x300.jpg 300w, https:\/\/www.nkspansko.hr\/wp-content\/uploads\/2024\/11\/IMG-20241116-WA0010-100x100.jpg 100w\" sizes=\"auto, (max-width: 150px) 100vw, 150px\" \/><\/a>\n\t\t\t<\/dt><\/dl><dl class='gallery-item'>\n\t\t\t<dt class='gallery-icon landscape'>\n\t\t\t\t<a href='https:\/\/www.nkspansko.hr\/index.php\/2024\/11\/16\/spektakularna-bakljada-u-spanskom-za-zrtve-vukovara-i-bozu-grgica\/img-20241116-wa0006\/'><img loading=\"lazy\" decoding=\"async\" data-attachment-id=\"4429\" data-orig-file=\"https:\/\/www.nkspansko.hr\/wp-content\/uploads\/2024\/11\/IMG-20241116-WA0006.jpg\" data-orig-size=\"2048,1536\" data-comments-opened=\"1\" data-image-meta=\"{&quot;aperture&quot;:&quot;0&quot;,&quot;credit&quot;:&quot;&quot;,&quot;camera&quot;:&quot;&quot;,&quot;caption&quot;:&quot;&quot;,&quot;created_timestamp&quot;:&quot;0&quot;,&quot;copyright&quot;:&quot;&quot;,&quot;focal_length&quot;:&quot;0&quot;,&quot;iso&quot;:&quot;0&quot;,&quot;shutter_speed&quot;:&quot;0&quot;,&quot;title&quot;:&quot;&quot;,&quot;orientation&quot;:&quot;0&quot;}\" data-image-title=\"IMG-20241116-WA0006\" data-image-description=\"\" data-medium-file=\"https:\/\/www.nkspansko.hr\/wp-content\/uploads\/2024\/11\/IMG-20241116-WA0006-300x225.jpg\" data-large-file=\"https:\/\/www.nkspansko.hr\/wp-content\/uploads\/2024\/11\/IMG-20241116-WA0006-1024x768.jpg\" title=\"IMG-20241116-WA0006\" width=\"150\" height=\"150\" src=\"https:\/\/www.nkspansko.hr\/wp-content\/uploads\/2024\/11\/IMG-20241116-WA0006-150x150.jpg\" class=\"attachment-thumbnail size-thumbnail\" alt=\"Bakljada u \u0160panskom\" srcset=\"https:\/\/www.nkspansko.hr\/wp-content\/uploads\/2024\/11\/IMG-20241116-WA0006-150x150.jpg 150w, https:\/\/www.nkspansko.hr\/wp-content\/uploads\/2024\/11\/IMG-20241116-WA0006-300x300.jpg 300w, https:\/\/www.nkspansko.hr\/wp-content\/uploads\/2024\/11\/IMG-20241116-WA0006-100x100.jpg 100w\" sizes=\"auto, (max-width: 150px) 100vw, 150px\" \/><\/a>\n\t\t\t<\/dt><\/dl><dl class='gallery-item'>\n\t\t\t<dt class='gallery-icon landscape'>\n\t\t\t\t<a href='https:\/\/www.nkspansko.hr\/index.php\/2024\/11\/16\/spektakularna-bakljada-u-spanskom-za-zrtve-vukovara-i-bozu-grgica\/img-20241116-wa0004\/'><img loading=\"lazy\" decoding=\"async\" data-attachment-id=\"4430\" data-orig-file=\"https:\/\/www.nkspansko.hr\/wp-content\/uploads\/2024\/11\/IMG-20241116-WA0004.jpg\" data-orig-size=\"2000,934\" data-comments-opened=\"1\" data-image-meta=\"{&quot;aperture&quot;:&quot;0&quot;,&quot;credit&quot;:&quot;&quot;,&quot;camera&quot;:&quot;&quot;,&quot;caption&quot;:&quot;&quot;,&quot;created_timestamp&quot;:&quot;0&quot;,&quot;copyright&quot;:&quot;&quot;,&quot;focal_length&quot;:&quot;0&quot;,&quot;iso&quot;:&quot;0&quot;,&quot;shutter_speed&quot;:&quot;0&quot;,&quot;title&quot;:&quot;&quot;,&quot;orientation&quot;:&quot;0&quot;}\" data-image-title=\"IMG-20241116-WA0004\" data-image-description=\"\" data-medium-file=\"https:\/\/www.nkspansko.hr\/wp-content\/uploads\/2024\/11\/IMG-20241116-WA0004-300x140.jpg\" data-large-file=\"https:\/\/www.nkspansko.hr\/wp-content\/uploads\/2024\/11\/IMG-20241116-WA0004-1024x478.jpg\" title=\"IMG-20241116-WA0004\" width=\"150\" height=\"150\" src=\"https:\/\/www.nkspansko.hr\/wp-content\/uploads\/2024\/11\/IMG-20241116-WA0004-150x150.jpg\" class=\"attachment-thumbnail size-thumbnail\" alt=\"\" srcset=\"https:\/\/www.nkspansko.hr\/wp-content\/uploads\/2024\/11\/IMG-20241116-WA0004-150x150.jpg 150w, https:\/\/www.nkspansko.hr\/wp-content\/uploads\/2024\/11\/IMG-20241116-WA0004-300x300.jpg 300w, https:\/\/www.nkspansko.hr\/wp-content\/uploads\/2024\/11\/IMG-20241116-WA0004-100x100.jpg 100w\" sizes=\"auto, (max-width: 150px) 100vw, 150px\" \/><\/a>\n\t\t\t<\/dt><\/dl><br style=\"clear: both\" \/>\n\t\t<\/div>\n\n","protected":false},"excerpt":{"rendered":"<p>Povodom derbija \u0160pansko &#8211; Polet u 13. kolu 4. NL u \u0160panskom je sve\u010dano obilje\u017een predstoje\u0107i Dan sje\u0107anja na \u017ertve Vukovara te nedavno preminulog dragovoljca Domovinskog rata, skup\u0161tinara i velikog prijatelja NK \u0160pansko Bo\u017eu Grgi\u0107a. Uo\u010di utakmice igra\u010di obje mom\u010dadi iznijeli su transparent posve\u0107en Vukovaru i odr\u017eana je minuta \u0161utnje za Grgi\u0107a i sve \u017ertve&#8230;<\/p>\n<a href=\"https:\/\/www.nkspansko.hr\/index.php\/2024\/11\/16\/spektakularna-bakljada-u-spanskom-za-zrtve-vukovara-i-bozu-grgica\/\" class=\"more-link\">Op\u0161irnije<\/a>","protected":false},"author":2,"featured_media":4415,"comment_status":"open","ping_status":"open","sticky":false,"template":"","format":"standard","meta":{"footnotes":""},"categories":[2],"tags":[178,24,176],"class_list":["post-4413","post","type-post","status-publish","format-standard","has-post-thumbnail","hentry","category-klupske-vijesti","tag-boze-grgic","tag-nk-spansko","tag-vukovar"],"_links":{"self":[{"href":"https:\/\/www.nkspansko.hr\/index.php\/wp-json\/wp\/v2\/posts\/4413","targetHints":{"allow":["GET"]}}],"collection":[{"href":"https:\/\/www.nkspansko.hr\/index.php\/wp-json\/wp\/v2\/posts"}],"about":[{"href":"https:\/\/www.nkspansko.hr\/index.php\/wp-json\/wp\/v2\/types\/post"}],"author":[{"embeddable":true,"href":"https:\/\/www.nkspansko.hr\/index.php\/wp-json\/wp\/v2\/users\/2"}],"replies":[{"embeddable":true,"href":"https:\/\/www.nkspansko.hr\/index.php\/wp-json\/wp\/v2\/comments?post=4413"}],"version-history":[{"count":7,"href":"https:\/\/www.nkspansko.hr\/index.php\/wp-json\/wp\/v2\/posts\/4413\/revisions"}],"predecessor-version":[{"id":4432,"href":"https:\/\/www.nkspansko.hr\/index.php\/wp-json\/wp\/v2\/posts\/4413\/revisions\/4432"}],"wp:featuredmedia":[{"embeddable":true,"href":"https:\/\/www.nkspansko.hr\/index.php\/wp-json\/wp\/v2\/media\/4415"}],"wp:attachment":[{"href":"https:\/\/www.nkspansko.hr\/index.php\/wp-json\/wp\/v2\/media?parent=4413"}],"wp:term":[{"taxonomy":"category","embeddable":true,"href":"https:\/\/www.nkspansko.hr\/index.php\/wp-json\/wp\/v2\/categories?post=4413"},{"taxonomy":"post_tag","embeddable":true,"href":"https:\/\/www.nkspansko.hr\/index.php\/wp-json\/wp\/v2\/tags?post=4413"}],"curies":[{"name":"wp","href":"https:\/\/api.w.org\/{rel}","templated":true}]}}