{"id":3695,"date":"2024-06-10T19:48:38","date_gmt":"2024-06-10T17:48:38","guid":{"rendered":"https:\/\/www.nkspansko.hr\/?p=3695"},"modified":"2024-06-10T20:03:00","modified_gmt":"2024-06-10T18:03:00","slug":"spansko-ima-novog-trenera-predsjednik-grmi-bit-cemo-turbo-jaki-lovimo-prvoligaska-pojacanja","status":"publish","type":"post","link":"https:\/\/www.nkspansko.hr\/index.php\/2024\/06\/10\/spansko-ima-novog-trenera-predsjednik-grmi-bit-cemo-turbo-jaki-lovimo-prvoligaska-pojacanja\/","title":{"rendered":"\u0160pansko ima novog trenera, predsjednik grmi: &#8220;Bit \u0107emo turbo jaki, lovimo prvoliga\u0161ka poja\u010danja&#8221;"},"content":{"rendered":"<p>Sad je slu\u017ebeno: <strong>Tomislav Majko<\/strong> (39) povest \u0107e NK \u0160pansko u novu sezonu.<\/p>\n<p>&#8220;Zahvaljujemo Dra\u017eenu Bobincu na svemu \u0161to je napravio u \u0160panskom i \u017eelimo mu puno sre\u0107e u nastavku karijere. Odlu\u010dili smo da novog trenera potra\u017eimo u vlastitim redovima i odlu\u010dili smo se za Majka, koji je dosad bio trener na\u0161e juniorske mom\u010dadi&#8221;, poru\u010dio je predsjednik \u0160panskog <strong>Filip Biland\u017ei\u0107<\/strong>, poznatiji kao <strong>Vinko<\/strong>.<\/p>\n<p>Majko je podrijetlom Nu\u0161tarac, gdje je trenirao lokalnu Nosteriju, a potom je radio u Slogi Gredelj.<\/p>\n<p>&#8220;U \u0160panskom sam.dvije godine. Jednu godinu sam trenirao kadete i jo\u0161 jednu juniore. \u010cast mi je \u0161to mi je ukazano povjerenje da vodim seniore \u0160panskog. Dat \u0107u sve od sebe da opravdam ukazano povjerenje&#8221;, poru\u010duje Majko, koji je zavr\u0161io HNS-ovu trenersku Akademiju i posjeduje UEFA-inu A licencu.<\/p>\n<h2><strong>Tomislav Majko novi je trener \u0160panskog<\/strong><\/h2>\n<p>&#8220;Za Majka smo se odlu\u010dili zbog toga \u0161to je mlad i perspektivan stru\u010dnjak. Pokazao se uspje\u0161nim u mla\u0111im selekcijama Radan je i moderan stru\u010dnjak, koristi nove tehnologije, a generacijski nije daleko od igra\u010da u na\u0161oj seniorskoj mom\u010dadi. Dobro se adaptirao na \u0160pansko, poznaje metode rada i na\u010din funkcioniranja na\u0161eg kluba. Igra\u010di ga dobro poznaju tako da mu ne\u0107e trebati previ\u0161e vremena da pohvata konce&#8221;, isti\u010de predsjednik Biland\u017ei\u0107.<\/p>\n<p>Majko je svjestan \u0161to se od njega o\u010dekuje.<\/p>\n<p>&#8220;Ambicije \u0160panskog sasvim su jasne, a to je prvo mjesto i plasman u vi\u0161i rang natjecanja. Mislim da su to realna o\u010dekivanja s obzirom na to koje uvjete imamo. \u0160pansko ima odli\u010dnu mom\u010dad, fini miks iskusnih i mladih, potentnih igra\u010da. Ba\u0161 sam zadovoljan s rosterom&#8221;, ka\u017ee Majko.<\/p>\n<h2><strong>Majko: &#8220;Napadamo naslov prvaka&#8221;<\/strong><\/h2>\n<p>Treba li \u0160pansko pokoje poja\u010danje za novu sezonu?<\/p>\n<p>&#8220;Kvalitetan igra\u010d uvijek je dobro do\u0161ao, ne\u0107emo odbiti pravog igra\u010da, ali iskreno mislim da je nama puno va\u017enije zadr\u017eati mom\u010dad na okupu. Pokriveni smo jako dobro i zasad ne inzistiram na poja\u010danjima. Radije \u0107emo se posvetiti radu i uigravanju. Planiram igrati u sustavu 3-4-2-1. \u017delim imati dobar balans izme\u0111u napada i obrane. \u010cini mi se da je u pro\u0161loj sezoni to nedostajalo. I dalje \u0107emo igrati ofenzivno, napada\u010dki, ali s malo ve\u0107om kontrolom u fazi obrane. U zadnjem kolu smo tako igrali i \u010dini mi se da je to jako dobro funkcioniralo.&#8221;<\/p>\n<p>Tijekom cijele sezone lajt motiv je bio nedostatak klasi\u010dnog centarfora. \u0160pansko je stvaralo puno \u0161ansi, ali realizacija je znala \u0161tekati.<\/p>\n<p>&#8220;Mislim da \u0107emo to rije\u0161iti s Antonijem \u0110uri\u0107em. On je bio vrlo perspektivni junior Dinama, igrao je Ligu prvaka mladih i tu vi\u0161e ne treba ni\u0161ta dodavati. Spletom okolnosti nije napravio veliku karijeru. On individualnom kvalitetom daleko prelazi limite 4. NL, tu nema sumnje, no mora se poku\u0161ati \u0161to bolje fizi\u010dki spremiti. Vjerujem da bi u tom slu\u010daju izdominirao ligu. U\u010dinit \u0107emo sve da mu pomognemo u tom nastojanju. Odli\u010dan je de\u010dko i mom\u010dad ga je sjajno prihvatila&#8221;, ka\u017ee Majko, koji se sla\u017ee da je Karlo Althaller napravio veliki iskorak ove sezone.<\/p>\n<h2><strong>Biland\u017ei\u0107: Bit \u0107emo turbo jaki, lovimo prvoliga\u0161ka poja\u010danja&#8221;<\/strong><\/h2>\n<p>&#8220;Bio je mo\u017eda i najbolji igra\u010d \u0160panskog. Uostalom, prvi je strijelac mom\u010dadi, a vezni je igra\u010d. Nije jedini koji se afirmirao, jako sam zadovoljan s napretkom ve\u0107ine mla\u0111ih igra\u010da: Juri\u0161i\u0107, Sablji\u0107, juro\u0161, Ivanu\u0161&#8230; Oni iskusniji na \u010delu s kapetanom Lojberom, Sekuli\u0107em, Grubi\u0161i\u0107em, Manzinom, Ivezi\u0107em, Ga\u0161pari\u0107em, Jelavi\u0107em&#8230; opravdali su o\u010dekivanja. Jako puno o\u010dekujem od zimskog poja\u010danja Luke Kukrike. Radi se o odli\u010dnom igra\u010du koji nam svojom kvalitetom i iskustvom mo\u017ee puno pomo\u0107i. Uglavnom, dobro \u0107emo se spremiti, mislim da smo ba\u0161 jaki i da smo legitimni kandidati za naslov prvaka. Pokoje poja\u010danje ako do\u0111e, bit \u0107e super, ali nema nikakvog imperativa u tom smislu &#8220;, podcrtava novi trener \u0160panskog, a predsjednik Biland\u017ei\u0107 dodaje:<\/p>\n<p>&#8220;Ne\u0107emo dovoditi igra\u010de samo da se dovede. To moraju biti istinska poja\u010danja, na vi\u0161oj razini od igra\u010da koje ve\u0107 imamo. Zasad \u0107u vam samo re\u0107i da lovimo nekada\u0161nje prvoliga\u0161ke igra\u010de. Da, dobro ste \u010duli. Samo takvi su bolji od ovih koje ve\u0107 imamo. Bit \u0107emo turbo jaki&#8221;, bombasti\u010dno je zaklju\u010dio Biland\u017ei\u0107.<\/p>\n","protected":false},"excerpt":{"rendered":"<p>Sad je slu\u017ebeno: Tomislav Majko (39) povest \u0107e NK \u0160pansko u novu sezonu. &#8220;Zahvaljujemo Dra\u017eenu Bobincu na svemu \u0161to je napravio u \u0160panskom i \u017eelimo mu puno sre\u0107e u nastavku karijere. Odlu\u010dili smo da novog trenera potra\u017eimo u vlastitim redovima i odlu\u010dili smo se za Majka, koji je dosad bio trener na\u0161e juniorske mom\u010dadi&#8221;, poru\u010dio&#8230;<\/p>\n<a href=\"https:\/\/www.nkspansko.hr\/index.php\/2024\/06\/10\/spansko-ima-novog-trenera-predsjednik-grmi-bit-cemo-turbo-jaki-lovimo-prvoligaska-pojacanja\/\" class=\"more-link\">Op\u0161irnije<\/a>","protected":false},"author":2,"featured_media":3697,"comment_status":"open","ping_status":"open","sticky":false,"template":"","format":"standard","meta":{"footnotes":""},"categories":[2],"tags":[41,24,139],"class_list":["post-3695","post","type-post","status-publish","format-standard","has-post-thumbnail","hentry","category-klupske-vijesti","tag-filip-bilandzic","tag-nk-spansko","tag-tomislav-majko"],"_links":{"self":[{"href":"https:\/\/www.nkspansko.hr\/index.php\/wp-json\/wp\/v2\/posts\/3695","targetHints":{"allow":["GET"]}}],"collection":[{"href":"https:\/\/www.nkspansko.hr\/index.php\/wp-json\/wp\/v2\/posts"}],"about":[{"href":"https:\/\/www.nkspansko.hr\/index.php\/wp-json\/wp\/v2\/types\/post"}],"author":[{"embeddable":true,"href":"https:\/\/www.nkspansko.hr\/index.php\/wp-json\/wp\/v2\/users\/2"}],"replies":[{"embeddable":true,"href":"https:\/\/www.nkspansko.hr\/index.php\/wp-json\/wp\/v2\/comments?post=3695"}],"version-history":[{"count":4,"href":"https:\/\/www.nkspansko.hr\/index.php\/wp-json\/wp\/v2\/posts\/3695\/revisions"}],"predecessor-version":[{"id":3698,"href":"https:\/\/www.nkspansko.hr\/index.php\/wp-json\/wp\/v2\/posts\/3695\/revisions\/3698"}],"wp:featuredmedia":[{"embeddable":true,"href":"https:\/\/www.nkspansko.hr\/index.php\/wp-json\/wp\/v2\/media\/3697"}],"wp:attachment":[{"href":"https:\/\/www.nkspansko.hr\/index.php\/wp-json\/wp\/v2\/media?parent=3695"}],"wp:term":[{"taxonomy":"category","embeddable":true,"href":"https:\/\/www.nkspansko.hr\/index.php\/wp-json\/wp\/v2\/categories?post=3695"},{"taxonomy":"post_tag","embeddable":true,"href":"https:\/\/www.nkspansko.hr\/index.php\/wp-json\/wp\/v2\/tags?post=3695"}],"curies":[{"name":"wp","href":"https:\/\/api.w.org\/{rel}","templated":true}]}}