{"id":3517,"date":"2024-05-09T23:31:59","date_gmt":"2024-05-09T21:31:59","guid":{"rendered":"https:\/\/www.nkspansko.hr\/?p=3517"},"modified":"2024-05-09T23:33:21","modified_gmt":"2024-05-09T21:33:21","slug":"pag-novalja-cup-2024","status":"publish","type":"post","link":"https:\/\/www.nkspansko.hr\/index.php\/2024\/05\/09\/pag-novalja-cup-2024\/","title":{"rendered":"Pag (Novalja cup 2024)"},"content":{"rendered":"<div class=\"x11i5rnm xat24cr x1mh8g0r x1vvkbs xtlvy1s x126k92a\">\n<div dir=\"auto\">Nogometne ekipe pionira (2009 i 2010) godi\u0161te i ekipa kadeta (2007 i 2008) godi\u0161te sudjelovali su na turniru na Pagu.<\/div>\n<\/div>\n<div class=\"x11i5rnm xat24cr x1mh8g0r x1vvkbs xtlvy1s x126k92a\">\n<div dir=\"auto\">Treneri Kulenovi\u0107, Bo\u0161njak i Lojber<\/div>\n<\/div>\n<p><a href=\"https:\/\/photos.app.goo.gl\/rQSifSdofhu2fbgbA\" target=\"_blank\" rel=\"noopener\">FOTOGALERIJAKLIKOMNAFOTOGRAFIJU<\/a><\/p>\n<p><a href=\"https:\/\/photos.app.goo.gl\/rQSifSdofhu2fbgbA\" target=\"_blank\" rel=\"noopener\"><img loading=\"lazy\" decoding=\"async\" class=\"aligncenter wp-image-3521 size-full\" src=\"https:\/\/www.nkspansko.hr\/wp-content\/uploads\/2024\/05\/20240506-DSC_8516.jpg\" alt=\"\" width=\"1200\" height=\"798\" srcset=\"https:\/\/www.nkspansko.hr\/wp-content\/uploads\/2024\/05\/20240506-DSC_8516.jpg 1200w, https:\/\/www.nkspansko.hr\/wp-content\/uploads\/2024\/05\/20240506-DSC_8516-300x200.jpg 300w, https:\/\/www.nkspansko.hr\/wp-content\/uploads\/2024\/05\/20240506-DSC_8516-1024x681.jpg 1024w, https:\/\/www.nkspansko.hr\/wp-content\/uploads\/2024\/05\/20240506-DSC_8516-768x511.jpg 768w, https:\/\/www.nkspansko.hr\/wp-content\/uploads\/2024\/05\/20240506-DSC_8516-350x233.jpg 350w, https:\/\/www.nkspansko.hr\/wp-content\/uploads\/2024\/05\/20240506-DSC_8516-600x399.jpg 600w\" sizes=\"auto, (max-width: 1200px) 100vw, 1200px\" \/><\/a><\/p>\n<p>&nbsp;<\/p>\n<p>&nbsp;<\/p>\n","protected":false},"excerpt":{"rendered":"<p>Nogometne ekipe pionira (2009 i 2010) godi\u0161te i ekipa kadeta (2007 i 2008) godi\u0161te sudjelovali su na turniru na Pagu. Treneri Kulenovi\u0107, Bo\u0161njak i Lojber FOTOGALERIJAKLIKOMNAFOTOGRAFIJU &nbsp; &nbsp;<\/p>\n<a href=\"https:\/\/www.nkspansko.hr\/index.php\/2024\/05\/09\/pag-novalja-cup-2024\/\" class=\"more-link\">Op\u0161irnije<\/a>","protected":false},"author":1,"featured_media":3523,"comment_status":"open","ping_status":"open","sticky":false,"template":"","format":"standard","meta":{"footnotes":""},"categories":[2],"tags":[],"class_list":["post-3517","post","type-post","status-publish","format-standard","has-post-thumbnail","hentry","category-klupske-vijesti"],"_links":{"self":[{"href":"https:\/\/www.nkspansko.hr\/index.php\/wp-json\/wp\/v2\/posts\/3517","targetHints":{"allow":["GET"]}}],"collection":[{"href":"https:\/\/www.nkspansko.hr\/index.php\/wp-json\/wp\/v2\/posts"}],"about":[{"href":"https:\/\/www.nkspansko.hr\/index.php\/wp-json\/wp\/v2\/types\/post"}],"author":[{"embeddable":true,"href":"https:\/\/www.nkspansko.hr\/index.php\/wp-json\/wp\/v2\/users\/1"}],"replies":[{"embeddable":true,"href":"https:\/\/www.nkspansko.hr\/index.php\/wp-json\/wp\/v2\/comments?post=3517"}],"version-history":[{"count":6,"href":"https:\/\/www.nkspansko.hr\/index.php\/wp-json\/wp\/v2\/posts\/3517\/revisions"}],"predecessor-version":[{"id":3525,"href":"https:\/\/www.nkspansko.hr\/index.php\/wp-json\/wp\/v2\/posts\/3517\/revisions\/3525"}],"wp:featuredmedia":[{"embeddable":true,"href":"https:\/\/www.nkspansko.hr\/index.php\/wp-json\/wp\/v2\/media\/3523"}],"wp:attachment":[{"href":"https:\/\/www.nkspansko.hr\/index.php\/wp-json\/wp\/v2\/media?parent=3517"}],"wp:term":[{"taxonomy":"category","embeddable":true,"href":"https:\/\/www.nkspansko.hr\/index.php\/wp-json\/wp\/v2\/categories?post=3517"},{"taxonomy":"post_tag","embeddable":true,"href":"https:\/\/www.nkspansko.hr\/index.php\/wp-json\/wp\/v2\/tags?post=3517"}],"curies":[{"name":"wp","href":"https:\/\/api.w.org\/{rel}","templated":true}]}}