{"id":3218,"date":"2024-03-23T19:54:42","date_gmt":"2024-03-23T18:54:42","guid":{"rendered":"https:\/\/www.nkspansko.hr\/?p=3218"},"modified":"2024-03-23T19:56:23","modified_gmt":"2024-03-23T18:56:23","slug":"spansko-slavilo-protiv-odre-i-s-optimizom-gleda-prema-nastavku-prvenstva","status":"publish","type":"post","link":"https:\/\/www.nkspansko.hr\/index.php\/2024\/03\/23\/spansko-slavilo-protiv-odre-i-s-optimizom-gleda-prema-nastavku-prvenstva\/","title":{"rendered":"\u0160pansko slavilo protiv Odre i s optimizom gleda prema nastavku prvenstva"},"content":{"rendered":"<p>\u0160pansko je pobijedilo Odru 3:1 u 19. kolu 4. NL &#8211; Sredi\u0161te Zagreb. Zaslu\u017eena pobjeda Crvenih prema svim parametrima.<\/p>\n<p>Dvostruki strijelac bio je <strong>Antonio \u0110uri\u0107<\/strong>, ovozimsko veliko <a href=\"https:\/\/www.nkspansko.hr\/index.php\/2024\/01\/23\/padaju-bombe-u-nk-spansko-stigla-nova-zvucna-pojacanja\/\"><strong>poja\u010danje \u0160panskog<\/strong><\/a>, nekada\u0161nji junior Dinama koji je nastupao u Ligi prvaka mladih.<\/p>\n<p>\u0160pan\u010dani su poveli prakti\u010dki ve\u0107 u prvom napadu. U 1. minuti strijelac je bio \u0110uri\u0107. Na 2:0 povisio je<strong> Karlo Althaller<\/strong> u 37. minuti. Odra je smanjila na 2:1 golom <strong>Nike Tolja<\/strong> na po\u010detku drugog poluvremena.<\/p>\n<p>Kona\u010dnih 3:1 postavio je \u0110uri\u0107 svojim drugim golom u 55. minuti.<\/p>\n<p>\u0160pansko je ostalo na petom mjestu s 33 boda, ali se primaklo na dva bodu \u010detvrtoplasiranom Pre\u010dkom.<\/p>\n<p>Mladost iz Zaboka vode\u0107a je s 43 boda, Ravnice imaju bod manje, dok je Golubovec tre\u0107i s 39 bodova.<\/p>\n<p>\u0160pansko u sljede\u0107em kolu gostuje kod Brezovice, a potom do\u010dekuje Ivan\u010dicu. Crveni s optimizmom gledaju prema nastavku prvenstva. S nekoliko pobjeda u nizu mogli bi se umije\u0161ati u borbu za vrh ljestvice.<\/p>\n","protected":false},"excerpt":{"rendered":"<p>\u0160pansko je pobijedilo Odru 3:1 u 19. kolu 4. NL &#8211; Sredi\u0161te Zagreb. Zaslu\u017eena pobjeda Crvenih prema svim parametrima. Dvostruki strijelac bio je Antonio \u0110uri\u0107, ovozimsko veliko poja\u010danje \u0160panskog, nekada\u0161nji junior Dinama koji je nastupao u Ligi prvaka mladih. \u0160pan\u010dani su poveli prakti\u010dki ve\u0107 u prvom napadu. U 1. minuti strijelac je bio \u0110uri\u0107. Na&#8230;<\/p>\n<a href=\"https:\/\/www.nkspansko.hr\/index.php\/2024\/03\/23\/spansko-slavilo-protiv-odre-i-s-optimizom-gleda-prema-nastavku-prvenstva\/\" class=\"more-link\">Op\u0161irnije<\/a>","protected":false},"author":2,"featured_media":3101,"comment_status":"open","ping_status":"open","sticky":false,"template":"","format":"standard","meta":{"footnotes":""},"categories":[2],"tags":[101,118,117,24],"class_list":["post-3218","post","type-post","status-publish","format-standard","has-post-thumbnail","hentry","category-klupske-vijesti","tag-antonio-duric","tag-karlo-althaller","tag-nk-odra","tag-nk-spansko"],"_links":{"self":[{"href":"https:\/\/www.nkspansko.hr\/index.php\/wp-json\/wp\/v2\/posts\/3218","targetHints":{"allow":["GET"]}}],"collection":[{"href":"https:\/\/www.nkspansko.hr\/index.php\/wp-json\/wp\/v2\/posts"}],"about":[{"href":"https:\/\/www.nkspansko.hr\/index.php\/wp-json\/wp\/v2\/types\/post"}],"author":[{"embeddable":true,"href":"https:\/\/www.nkspansko.hr\/index.php\/wp-json\/wp\/v2\/users\/2"}],"replies":[{"embeddable":true,"href":"https:\/\/www.nkspansko.hr\/index.php\/wp-json\/wp\/v2\/comments?post=3218"}],"version-history":[{"count":3,"href":"https:\/\/www.nkspansko.hr\/index.php\/wp-json\/wp\/v2\/posts\/3218\/revisions"}],"predecessor-version":[{"id":3221,"href":"https:\/\/www.nkspansko.hr\/index.php\/wp-json\/wp\/v2\/posts\/3218\/revisions\/3221"}],"wp:featuredmedia":[{"embeddable":true,"href":"https:\/\/www.nkspansko.hr\/index.php\/wp-json\/wp\/v2\/media\/3101"}],"wp:attachment":[{"href":"https:\/\/www.nkspansko.hr\/index.php\/wp-json\/wp\/v2\/media?parent=3218"}],"wp:term":[{"taxonomy":"category","embeddable":true,"href":"https:\/\/www.nkspansko.hr\/index.php\/wp-json\/wp\/v2\/categories?post=3218"},{"taxonomy":"post_tag","embeddable":true,"href":"https:\/\/www.nkspansko.hr\/index.php\/wp-json\/wp\/v2\/tags?post=3218"}],"curies":[{"name":"wp","href":"https:\/\/api.w.org\/{rel}","templated":true}]}}