{"id":2840,"date":"2023-12-10T23:02:54","date_gmt":"2023-12-10T22:02:54","guid":{"rendered":"https:\/\/www.nkspansko.hr\/?p=2840"},"modified":"2023-12-10T23:03:20","modified_gmt":"2023-12-10T22:03:20","slug":"ponajveci-talenti-spanskog-s-dinamo-osvojili-broncu-na-jakom-turniru-u-italiji","status":"publish","type":"post","link":"https:\/\/www.nkspansko.hr\/index.php\/2023\/12\/10\/ponajveci-talenti-spanskog-s-dinamo-osvojili-broncu-na-jakom-turniru-u-italiji\/","title":{"rendered":"Ponajve\u0107i talenti \u0160panskog s Dinamom osvojili broncu na jakom turniru u Italiji"},"content":{"rendered":"<div class=\"\" data-block=\"true\" data-editor=\"b6kpo\" data-offset-key=\"9c769-0-0\">\n<div class=\"_1mf _1mj\" data-offset-key=\"9c769-0-0\"><span data-offset-key=\"9c769-0-0\">Polaznici omladinske \u0161kole i ponajve\u0107i talenti NK \u0160pansko &#8211; Ivan Rihter i Luka Alvi\u017e &#8211; osvojili su 3. mjesto sa zagreba\u010dkim Dinamom na jakom turniru u talijanskoj Carreri.<\/span><\/div>\n<\/div>\n<div class=\"\" data-block=\"true\" data-editor=\"b6kpo\" data-offset-key=\"cnvhp-0-0\">\n<div class=\"_1mf _1mj\" data-offset-key=\"cnvhp-0-0\"><\/div>\n<\/div>\n<div class=\"\" data-block=\"true\" data-editor=\"b6kpo\" data-offset-key=\"a5m3u-0-0\">\n<div class=\"_1mf _1mj\" data-offset-key=\"a5m3u-0-0\"><span data-offset-key=\"a5m3u-0-0\">Na turniru je nastupilo 35 mom\u010dadi u kategoriji U-9, a Ivan i Luka dobili su poziv Dinama da se pridru\u017ee njihovoj mom\u010dadi. <\/span><\/div>\n<\/div>\n<div class=\"\" data-block=\"true\" data-editor=\"b6kpo\" data-offset-key=\"sf30-0-0\">\n<div class=\"_1mf _1mj\" data-offset-key=\"sf30-0-0\"><span data-offset-key=\"sf30-0-0\">\u00a0<\/span><\/div>\n<\/div>\n<div class=\"\" data-block=\"true\" data-editor=\"b6kpo\" data-offset-key=\"fth91-0-0\">\n<div class=\"_1mf _1mj\" data-offset-key=\"fth91-0-0\"><span data-offset-key=\"fth91-0-0\">\u010cestitamo!!! \ud83e\udd49\u26bd<\/span><\/div>\n<div data-offset-key=\"fth91-0-0\"><img loading=\"lazy\" decoding=\"async\" class=\"alignnone size-medium wp-image-2843\" src=\"https:\/\/www.nkspansko.hr\/wp-content\/uploads\/2023\/12\/5a241d0f-656d-463c-8d4b-99e5fe2f0ebd-138x300.jpg\" alt=\"\" width=\"138\" height=\"300\" srcset=\"https:\/\/www.nkspansko.hr\/wp-content\/uploads\/2023\/12\/5a241d0f-656d-463c-8d4b-99e5fe2f0ebd-138x300.jpg 138w, https:\/\/www.nkspansko.hr\/wp-content\/uploads\/2023\/12\/5a241d0f-656d-463c-8d4b-99e5fe2f0ebd-600x1301.jpg 600w, https:\/\/www.nkspansko.hr\/wp-content\/uploads\/2023\/12\/5a241d0f-656d-463c-8d4b-99e5fe2f0ebd-472x1024.jpg 472w, https:\/\/www.nkspansko.hr\/wp-content\/uploads\/2023\/12\/5a241d0f-656d-463c-8d4b-99e5fe2f0ebd-708x1536.jpg 708w, https:\/\/www.nkspansko.hr\/wp-content\/uploads\/2023\/12\/5a241d0f-656d-463c-8d4b-99e5fe2f0ebd-350x759.jpg 350w, https:\/\/www.nkspansko.hr\/wp-content\/uploads\/2023\/12\/5a241d0f-656d-463c-8d4b-99e5fe2f0ebd.jpg 738w\" sizes=\"auto, (max-width: 138px) 100vw, 138px\" \/><\/div>\n<div data-offset-key=\"fth91-0-0\"><\/div>\n<\/div>\n","protected":false},"excerpt":{"rendered":"<p>Polaznici omladinske \u0161kole i ponajve\u0107i talenti NK \u0160pansko &#8211; Ivan Rihter i Luka Alvi\u017e &#8211; osvojili su 3. mjesto sa zagreba\u010dkim Dinamom na jakom turniru u talijanskoj Carreri. Na turniru je nastupilo 35 mom\u010dadi u kategoriji U-9, a Ivan i Luka dobili su poziv Dinama da se pridru\u017ee njihovoj mom\u010dadi. \u00a0 \u010cestitamo!!! \ud83e\udd49\u26bd<\/p>\n<a href=\"https:\/\/www.nkspansko.hr\/index.php\/2023\/12\/10\/ponajveci-talenti-spanskog-s-dinamo-osvojili-broncu-na-jakom-turniru-u-italiji\/\" class=\"more-link\">Op\u0161irnije<\/a>","protected":false},"author":2,"featured_media":2842,"comment_status":"open","ping_status":"open","sticky":false,"template":"","format":"standard","meta":{"footnotes":""},"categories":[2],"tags":[89,93,24],"class_list":["post-2840","post","type-post","status-publish","format-standard","has-post-thumbnail","hentry","category-klupske-vijesti","tag-ivan-rihter","tag-luka-alviz","tag-nk-spansko"],"_links":{"self":[{"href":"https:\/\/www.nkspansko.hr\/index.php\/wp-json\/wp\/v2\/posts\/2840","targetHints":{"allow":["GET"]}}],"collection":[{"href":"https:\/\/www.nkspansko.hr\/index.php\/wp-json\/wp\/v2\/posts"}],"about":[{"href":"https:\/\/www.nkspansko.hr\/index.php\/wp-json\/wp\/v2\/types\/post"}],"author":[{"embeddable":true,"href":"https:\/\/www.nkspansko.hr\/index.php\/wp-json\/wp\/v2\/users\/2"}],"replies":[{"embeddable":true,"href":"https:\/\/www.nkspansko.hr\/index.php\/wp-json\/wp\/v2\/comments?post=2840"}],"version-history":[{"count":4,"href":"https:\/\/www.nkspansko.hr\/index.php\/wp-json\/wp\/v2\/posts\/2840\/revisions"}],"predecessor-version":[{"id":2846,"href":"https:\/\/www.nkspansko.hr\/index.php\/wp-json\/wp\/v2\/posts\/2840\/revisions\/2846"}],"wp:featuredmedia":[{"embeddable":true,"href":"https:\/\/www.nkspansko.hr\/index.php\/wp-json\/wp\/v2\/media\/2842"}],"wp:attachment":[{"href":"https:\/\/www.nkspansko.hr\/index.php\/wp-json\/wp\/v2\/media?parent=2840"}],"wp:term":[{"taxonomy":"category","embeddable":true,"href":"https:\/\/www.nkspansko.hr\/index.php\/wp-json\/wp\/v2\/categories?post=2840"},{"taxonomy":"post_tag","embeddable":true,"href":"https:\/\/www.nkspansko.hr\/index.php\/wp-json\/wp\/v2\/tags?post=2840"}],"curies":[{"name":"wp","href":"https:\/\/api.w.org\/{rel}","templated":true}]}}