{"id":2834,"date":"2023-12-05T19:18:47","date_gmt":"2023-12-05T18:18:47","guid":{"rendered":"https:\/\/www.nkspansko.hr\/?p=2834"},"modified":"2024-03-04T22:28:38","modified_gmt":"2024-03-04T21:28:38","slug":"dinamo-pozvao-dvojicu-igraca-spanskog-na-zimsku-ligu-prvaka","status":"publish","type":"post","link":"https:\/\/www.nkspansko.hr\/index.php\/2023\/12\/05\/dinamo-pozvao-dvojicu-igraca-spanskog-na-zimsku-ligu-prvaka\/","title":{"rendered":"Dinamo pozvao dvojicu igra\u010da \u0160panskog na zimsku Ligu prvaka"},"content":{"rendered":"<p>Na adresu NK \u0160pansko sletio je poziv nama najdra\u017eeg gradskog prijatelja.<\/p>\n<p>Zov Dinama se ne odbija!<\/p>\n<p>\u010cestitke Ivanu Rihteru i Luki Alvi\u017eu!<\/p>\n<p>Ponos su kluba i dokaz dobrog rada u omladinskoj \u0161koli NK \u0160pansko.<\/p>\n<p><a href=\"https:\/\/www.nkspansko.hr\/wp-content\/uploads\/2023\/12\/spansko-dinamo2.jpg\"><img loading=\"lazy\" decoding=\"async\" class=\"alignnone wp-image-2836 size-full\" src=\"https:\/\/www.nkspansko.hr\/wp-content\/uploads\/2023\/12\/spansko-dinamo2.jpg\" alt=\"Poziv Dinama dvama igra\u010dima \u0160panskog\" width=\"940\" height=\"1225\" srcset=\"https:\/\/www.nkspansko.hr\/wp-content\/uploads\/2023\/12\/spansko-dinamo2.jpg 940w, https:\/\/www.nkspansko.hr\/wp-content\/uploads\/2023\/12\/spansko-dinamo2-600x782.jpg 600w, https:\/\/www.nkspansko.hr\/wp-content\/uploads\/2023\/12\/spansko-dinamo2-230x300.jpg 230w, https:\/\/www.nkspansko.hr\/wp-content\/uploads\/2023\/12\/spansko-dinamo2-786x1024.jpg 786w, https:\/\/www.nkspansko.hr\/wp-content\/uploads\/2023\/12\/spansko-dinamo2-768x1001.jpg 768w, https:\/\/www.nkspansko.hr\/wp-content\/uploads\/2023\/12\/spansko-dinamo2-350x456.jpg 350w\" sizes=\"auto, (max-width: 940px) 100vw, 940px\" \/><\/a><\/p>\n<p>&nbsp;<\/p>\n","protected":false},"excerpt":{"rendered":"<p>Na adresu NK \u0160pansko sletio je poziv nama najdra\u017eeg gradskog prijatelja. Zov Dinama se ne odbija! \u010cestitke Ivanu Rihteru i Luki Alvi\u017eu! Ponos su kluba i dokaz dobrog rada u omladinskoj \u0161koli NK \u0160pansko. &nbsp;<\/p>\n<a href=\"https:\/\/www.nkspansko.hr\/index.php\/2023\/12\/05\/dinamo-pozvao-dvojicu-igraca-spanskog-na-zimsku-ligu-prvaka\/\" class=\"more-link\">Op\u0161irnije<\/a>","protected":false},"author":2,"featured_media":3096,"comment_status":"open","ping_status":"open","sticky":false,"template":"","format":"standard","meta":{"footnotes":""},"categories":[2],"tags":[92,89,93,24],"class_list":["post-2834","post","type-post","status-publish","format-standard","has-post-thumbnail","hentry","category-klupske-vijesti","tag-gnk-dinamo","tag-ivan-rihter","tag-luka-alviz","tag-nk-spansko"],"_links":{"self":[{"href":"https:\/\/www.nkspansko.hr\/index.php\/wp-json\/wp\/v2\/posts\/2834","targetHints":{"allow":["GET"]}}],"collection":[{"href":"https:\/\/www.nkspansko.hr\/index.php\/wp-json\/wp\/v2\/posts"}],"about":[{"href":"https:\/\/www.nkspansko.hr\/index.php\/wp-json\/wp\/v2\/types\/post"}],"author":[{"embeddable":true,"href":"https:\/\/www.nkspansko.hr\/index.php\/wp-json\/wp\/v2\/users\/2"}],"replies":[{"embeddable":true,"href":"https:\/\/www.nkspansko.hr\/index.php\/wp-json\/wp\/v2\/comments?post=2834"}],"version-history":[{"count":5,"href":"https:\/\/www.nkspansko.hr\/index.php\/wp-json\/wp\/v2\/posts\/2834\/revisions"}],"predecessor-version":[{"id":3103,"href":"https:\/\/www.nkspansko.hr\/index.php\/wp-json\/wp\/v2\/posts\/2834\/revisions\/3103"}],"wp:featuredmedia":[{"embeddable":true,"href":"https:\/\/www.nkspansko.hr\/index.php\/wp-json\/wp\/v2\/media\/3096"}],"wp:attachment":[{"href":"https:\/\/www.nkspansko.hr\/index.php\/wp-json\/wp\/v2\/media?parent=2834"}],"wp:term":[{"taxonomy":"category","embeddable":true,"href":"https:\/\/www.nkspansko.hr\/index.php\/wp-json\/wp\/v2\/categories?post=2834"},{"taxonomy":"post_tag","embeddable":true,"href":"https:\/\/www.nkspansko.hr\/index.php\/wp-json\/wp\/v2\/tags?post=2834"}],"curies":[{"name":"wp","href":"https:\/\/api.w.org\/{rel}","templated":true}]}}