{"id":2041,"date":"2023-04-19T10:01:36","date_gmt":"2023-04-19T08:01:36","guid":{"rendered":"https:\/\/www.nkspansko.hr\/?p=2041"},"modified":"2023-04-19T11:36:02","modified_gmt":"2023-04-19T09:36:02","slug":"uspjesi-nasih-mladih-nogometasa-liga-doberman","status":"publish","type":"post","link":"https:\/\/www.nkspansko.hr\/index.php\/2023\/04\/19\/uspjesi-nasih-mladih-nogometasa-liga-doberman\/","title":{"rendered":"Uspjesi na\u0161ih mladih nogometa\u0161a, liga Doberman"},"content":{"rendered":"<p><a href=\"https:\/\/www.nkspansko.hr\/wp-content\/uploads\/2023\/04\/prvaci.jpg\"><img loading=\"lazy\" decoding=\"async\" class=\"aligncenter size-full wp-image-2045\" src=\"https:\/\/www.nkspansko.hr\/wp-content\/uploads\/2023\/04\/prvaci.jpg\" alt=\"\" width=\"2048\" height=\"1536\" srcset=\"https:\/\/www.nkspansko.hr\/wp-content\/uploads\/2023\/04\/prvaci.jpg 2048w, https:\/\/www.nkspansko.hr\/wp-content\/uploads\/2023\/04\/prvaci-600x450.jpg 600w, https:\/\/www.nkspansko.hr\/wp-content\/uploads\/2023\/04\/prvaci-300x225.jpg 300w, https:\/\/www.nkspansko.hr\/wp-content\/uploads\/2023\/04\/prvaci-1024x768.jpg 1024w, https:\/\/www.nkspansko.hr\/wp-content\/uploads\/2023\/04\/prvaci-768x576.jpg 768w, https:\/\/www.nkspansko.hr\/wp-content\/uploads\/2023\/04\/prvaci-1536x1152.jpg 1536w, https:\/\/www.nkspansko.hr\/wp-content\/uploads\/2023\/04\/prvaci-1200x900.jpg 1200w, https:\/\/www.nkspansko.hr\/wp-content\/uploads\/2023\/04\/prvaci-350x263.jpg 350w\" sizes=\"auto, (max-width: 2048px) 100vw, 2048px\" \/><\/a><br \/>\nPod vodstvom trenera Martina Mohenskog, nogometa\u0161i po\u010detnici ( 2016), NK \u0160pansko osvojili su 1. Mjesto lige Doberman<\/p>\n<p><a href=\"https:\/\/www.nkspansko.hr\/wp-content\/uploads\/2023\/04\/b-ekipa.jpg\"><img loading=\"lazy\" decoding=\"async\" class=\"aligncenter size-full wp-image-2043\" src=\"https:\/\/www.nkspansko.hr\/wp-content\/uploads\/2023\/04\/b-ekipa.jpg\" alt=\"\" width=\"2016\" height=\"1512\" srcset=\"https:\/\/www.nkspansko.hr\/wp-content\/uploads\/2023\/04\/b-ekipa.jpg 2016w, https:\/\/www.nkspansko.hr\/wp-content\/uploads\/2023\/04\/b-ekipa-600x450.jpg 600w, https:\/\/www.nkspansko.hr\/wp-content\/uploads\/2023\/04\/b-ekipa-300x225.jpg 300w, https:\/\/www.nkspansko.hr\/wp-content\/uploads\/2023\/04\/b-ekipa-1024x768.jpg 1024w, https:\/\/www.nkspansko.hr\/wp-content\/uploads\/2023\/04\/b-ekipa-768x576.jpg 768w, https:\/\/www.nkspansko.hr\/wp-content\/uploads\/2023\/04\/b-ekipa-1536x1152.jpg 1536w, https:\/\/www.nkspansko.hr\/wp-content\/uploads\/2023\/04\/b-ekipa-1200x900.jpg 1200w, https:\/\/www.nkspansko.hr\/wp-content\/uploads\/2023\/04\/b-ekipa-350x263.jpg 350w\" sizes=\"auto, (max-width: 2016px) 100vw, 2016px\" \/><\/a><br \/>\nPod vodstvom trenera Martina Mohenskog , odlican nastup B ekipe otvorene \u0161kole nogometa [ liga Doberman ]<\/p>\n<p><a href=\"https:\/\/www.nkspansko.hr\/wp-content\/uploads\/2023\/04\/Zagici-2015-istvanic.jpg\"><img loading=\"lazy\" decoding=\"async\" class=\"aligncenter size-full wp-image-2046\" src=\"https:\/\/www.nkspansko.hr\/wp-content\/uploads\/2023\/04\/Zagici-2015-istvanic.jpg\" alt=\"\" width=\"1600\" height=\"1200\" srcset=\"https:\/\/www.nkspansko.hr\/wp-content\/uploads\/2023\/04\/Zagici-2015-istvanic.jpg 1600w, https:\/\/www.nkspansko.hr\/wp-content\/uploads\/2023\/04\/Zagici-2015-istvanic-600x450.jpg 600w, https:\/\/www.nkspansko.hr\/wp-content\/uploads\/2023\/04\/Zagici-2015-istvanic-300x225.jpg 300w, https:\/\/www.nkspansko.hr\/wp-content\/uploads\/2023\/04\/Zagici-2015-istvanic-1024x768.jpg 1024w, https:\/\/www.nkspansko.hr\/wp-content\/uploads\/2023\/04\/Zagici-2015-istvanic-768x576.jpg 768w, https:\/\/www.nkspansko.hr\/wp-content\/uploads\/2023\/04\/Zagici-2015-istvanic-1536x1152.jpg 1536w, https:\/\/www.nkspansko.hr\/wp-content\/uploads\/2023\/04\/Zagici-2015-istvanic-1200x900.jpg 1200w, https:\/\/www.nkspansko.hr\/wp-content\/uploads\/2023\/04\/Zagici-2015-istvanic-350x263.jpg 350w\" sizes=\"auto, (max-width: 1600px) 100vw, 1600px\" \/><\/a><br \/>\nPod vodstvom trenera Josipa I\u0161tvani\u0107a Zagi\u0107i ( 2015), NK \u0160pansko osvojili su 2. Mjesto lige Doberman<\/p>\n<p><a href=\"https:\/\/www.nkspansko.hr\/wp-content\/uploads\/2023\/04\/Matija-Salija-3-mjestodoberman.jpg\"><img loading=\"lazy\" decoding=\"async\" class=\"aligncenter size-full wp-image-2044\" src=\"https:\/\/www.nkspansko.hr\/wp-content\/uploads\/2023\/04\/Matija-Salija-3-mjestodoberman.jpg\" alt=\"\" width=\"1024\" height=\"768\" srcset=\"https:\/\/www.nkspansko.hr\/wp-content\/uploads\/2023\/04\/Matija-Salija-3-mjestodoberman.jpg 1024w, https:\/\/www.nkspansko.hr\/wp-content\/uploads\/2023\/04\/Matija-Salija-3-mjestodoberman-600x450.jpg 600w, https:\/\/www.nkspansko.hr\/wp-content\/uploads\/2023\/04\/Matija-Salija-3-mjestodoberman-300x225.jpg 300w, https:\/\/www.nkspansko.hr\/wp-content\/uploads\/2023\/04\/Matija-Salija-3-mjestodoberman-768x576.jpg 768w, https:\/\/www.nkspansko.hr\/wp-content\/uploads\/2023\/04\/Matija-Salija-3-mjestodoberman-350x263.jpg 350w\" sizes=\"auto, (max-width: 1024px) 100vw, 1024px\" \/><\/a><br \/>\nPod vodstvom trenera Matije Salije, Lima\u010di ( 2012), NK \u0160pansko osvojili su 3. Mjesto lige Doberman<\/p>\n","protected":false},"excerpt":{"rendered":"<p>Pod vodstvom trenera Martina Mohenskog, nogometa\u0161i po\u010detnici ( 2016), NK \u0160pansko osvojili su 1. Mjesto lige Doberman Pod vodstvom trenera Martina Mohenskog , odlican nastup B ekipe otvorene \u0161kole nogometa [ liga Doberman ] Pod vodstvom trenera Josipa I\u0161tvani\u0107a Zagi\u0107i ( 2015), NK \u0160pansko osvojili su 2. Mjesto lige Doberman Pod vodstvom trenera Matije Salije,&#8230;<\/p>\n<a href=\"https:\/\/www.nkspansko.hr\/index.php\/2023\/04\/19\/uspjesi-nasih-mladih-nogometasa-liga-doberman\/\" class=\"more-link\">Op\u0161irnije<\/a>","protected":false},"author":1,"featured_media":2048,"comment_status":"open","ping_status":"open","sticky":false,"template":"","format":"standard","meta":{"footnotes":""},"categories":[2],"tags":[],"class_list":["post-2041","post","type-post","status-publish","format-standard","has-post-thumbnail","hentry","category-klupske-vijesti"],"_links":{"self":[{"href":"https:\/\/www.nkspansko.hr\/index.php\/wp-json\/wp\/v2\/posts\/2041","targetHints":{"allow":["GET"]}}],"collection":[{"href":"https:\/\/www.nkspansko.hr\/index.php\/wp-json\/wp\/v2\/posts"}],"about":[{"href":"https:\/\/www.nkspansko.hr\/index.php\/wp-json\/wp\/v2\/types\/post"}],"author":[{"embeddable":true,"href":"https:\/\/www.nkspansko.hr\/index.php\/wp-json\/wp\/v2\/users\/1"}],"replies":[{"embeddable":true,"href":"https:\/\/www.nkspansko.hr\/index.php\/wp-json\/wp\/v2\/comments?post=2041"}],"version-history":[{"count":3,"href":"https:\/\/www.nkspansko.hr\/index.php\/wp-json\/wp\/v2\/posts\/2041\/revisions"}],"predecessor-version":[{"id":2049,"href":"https:\/\/www.nkspansko.hr\/index.php\/wp-json\/wp\/v2\/posts\/2041\/revisions\/2049"}],"wp:featuredmedia":[{"embeddable":true,"href":"https:\/\/www.nkspansko.hr\/index.php\/wp-json\/wp\/v2\/media\/2048"}],"wp:attachment":[{"href":"https:\/\/www.nkspansko.hr\/index.php\/wp-json\/wp\/v2\/media?parent=2041"}],"wp:term":[{"taxonomy":"category","embeddable":true,"href":"https:\/\/www.nkspansko.hr\/index.php\/wp-json\/wp\/v2\/categories?post=2041"},{"taxonomy":"post_tag","embeddable":true,"href":"https:\/\/www.nkspansko.hr\/index.php\/wp-json\/wp\/v2\/tags?post=2041"}],"curies":[{"name":"wp","href":"https:\/\/api.w.org\/{rel}","templated":true}]}}